{"id":112,"date":"2020-12-03T14:44:32","date_gmt":"2020-12-03T14:44:32","guid":{"rendered":"http:\/\/www.gyerekekafoldkorul.com\/?p=112"},"modified":"2020-12-03T14:44:32","modified_gmt":"2020-12-03T14:44:32","slug":"adventi-ajandekozas-a-fold-korul","status":"publish","type":"post","link":"https:\/\/www.gyerekekafoldkorul.com\/?p=112","title":{"rendered":"Adventi aj\u00e1nd\u00e9koz\u00e1s a F\u00f6ld k\u00f6r\u00fcl"},"content":{"rendered":"\n<p>Az adventi id\u0151szak elej\u00e9n ism\u00e9t F\u00f6ld k\u00f6r\u00fcli \u00fatra indulunk. Azt fogjuk megn\u00e9zni, hogy okvetlen meg kell-e v\u00e1rnunk a Szentest\u00e9t, m\u00edg aj\u00e1nd\u00e9kot bontogathatunk, vagy van-e esetleg valami kib\u00fav\u00f3, \u00e9s kor\u00e1bban is t\u00e9phetj\u00fck a csomagol\u00f3pap\u00edrt.<\/p>\n\n\n\n<!--more-->\n\n\n\n<p>A <a rel=\"noreferrer noopener\" href=\"http:\/\/www.whychristmas.com\/\" target=\"_blank\">whychristmas.com<\/a> oldal\u00e1n rengeteg adventi \u00e9s kar\u00e1csonyi hagyom\u00e1ny eredet\u00e9t lehet olvasni, ebb\u0151l szemezget\u00fcnk kicsit a t\u00e9ma kapcs\u00e1n. Az is kider\u00fcl majd, hogy a magyar gyerekek szerencs\u00e9sek, hiszen spanyol vagy mexik\u00f3i t\u00e1rsaikkal ellent\u00e9tben m\u00e1r december elej\u00e9n kapnak aj\u00e1nd\u00e9kot.<\/p>\n\n\n\n<p>Az aj\u00e1nd\u00e9koz\u00e1s hagyom\u00e1nya a h\u00e1rom kir\u00e1lyok l\u00e1togat\u00e1s\u00e1ra eml\u00e9keztet. \u0150k vittek el\u0151sz\u00f6r aj\u00e1nd\u00e9kot a kis J\u00e9zusnak: aranyat, t\u00f6mj\u00e9nt, mirh\u00e1t. Az\u00f3ta persze a szok\u00e1sok tov\u00e1bb gazdagodtak a vil\u00e1g minden t\u00e1j\u00e1n. \u00cdgy ha a kar\u00e1csonyi aj\u00e1nd\u00e9kokr\u00f3l \u00e9s azok kik\u00e9zbes\u00edt\u00e9s\u00e9r\u0151l van sz\u00f3, mindenf\u00e9le ap\u00f3kra \u00e9s any\u00f3kra kell b\u00edznunk a kar\u00e1csonyfa al\u00e1 val\u00f3t.<\/p>\n\n\n\n<p>A legt\u00f6bb orsz\u00e1gban Szent Mikl\u00f3s, Santa Clause, Kar\u00e1csony ap\u00f3, vagy a J\u00e9zuska t\u00e9nykedik ez \u00fcgyben, de p\u00e9ld\u00e1ul Spanylorsz\u00e1gban a napkeleti b\u00f6lcsek, Olaszorsz\u00e1gban pedig egy Befana nev\u0171, boszorka szer\u0171 t\u00e9lany\u00f3 visz aj\u00e1nd\u00e9kot a gyerekeknek.<\/p>\n\n\n\n<p>Befana sepr\u0171n \u00e9rkezik, zs\u00e1kkal a h\u00e1t\u00e1n a k\u00e9m\u00e9nyen \u00e1t, \u00e9s a cip\u0151csk\u00e9kbe \u00e9dess\u00e9get \u00e9s aj\u00e1nd\u00e9kokat csemp\u00e9sz annak, aki j\u00f3 volt. Aki pedig rossz, az egy darab szenet, vagy virg\u00e1csot kap. Illetve s\u00f6t\u00e9t sz\u00edn\u0171 cukork\u00e1t, ha megesik a sz\u00edve a rosszalkod\u00f3n. Mivel j\u00f3 h\u00e1ziasszony, ki is seper, miel\u0151tt elhagyja a h\u00e1zat \u00e9s a kosszal egy\u00fctt kis\u00f6pri az eg\u00e9sz \u00e9vben felgy\u0171lt probl\u00e9m\u00e1kat is. A csal\u00e1d a k\u00f6zbenj\u00e1r\u00e1st egy poh\u00e1r borral \u00e9s \u00e9telmorzs\u00e1kkal k\u00f6sz\u00f6ni meg, ezt helyezik ki Befana-nak. Ez hasonl\u00f3 ahhoz az angol illetve \u00edr szok\u00e1shoz, hogy a mikul\u00e1snak egy poh\u00e1r cherry-t illetve egy pint Guinness-t tesznek a megt\u00f6ltend\u0151 zoknik mell\u00e9 a kandall\u00f3p\u00e1rk\u00e1nyra. A sz\u00e1nh\u00faz\u00f3 \u00e1llatok is kapnak n\u00e9ha friss\u00edt\u0151t, egy t\u00e1lka tej form\u00e1j\u00e1ban.<\/p>\n\n\n\n<p>Aprop\u00f3 sz\u00e1nh\u00faz\u00f3 \u00e1llat: Ha valaki azt gondoln\u00e1, hogy a r\u00e9nszarvasok fogata mindenhova el\u00e9r, az t\u00e9ved. Ausztr\u00e1li\u00e1ba legal\u00e1bbis biztosan nem! Ott kicsit r\u00e1z a sz\u00e1n, ugyanis kenguruk fogata ugr\u00e1l el\u0151tte.<\/p>\n\n\n\n<div class=\"wp-block-image\"><figure class=\"aligncenter\"><img src=\"https:\/\/m.blog.hu\/gy\/gyerekekafoldkorul\/image\/44_papakanguro.jpg\" alt=\"44_papakanguro.jpg\"\/><\/figure><\/div>\n\n\n\n<p>Ah\u00e1ny aj\u00e1nd\u00e9khoz\u00f3, annyif\u00e9le helyen kell keresni az aj\u00e1nd\u00e9kokat. Eur\u00f3pa nagy r\u00e9sz\u00e9n a gyerekek \u00e1ltal kipucolt cip\u0151be vagy csizm\u00e1ba, de Olaszorsz\u00e1gban, Angli\u00e1ban, vagy az Egyes\u00fclt \u00c1llamokban a kandall\u00f3 k\u00f6zel\u00e9be helyezett zoknikba teszik az aj\u00e1nd\u00e9kokat. Hollandi\u00e1ban a t\u00e9lap\u00f3 becs\u00f6nget \u00e9s el\u0151fordul, hogy az ajt\u00f3ban hagyja a csomagokat. Persze mire az ajt\u00f3t kinyitj\u00e1k, el is t\u0171nik.<\/p>\n\n\n\n<p>Sok orsz\u00e1gban a csal\u00e1dnak, vagy a bar\u00e1toknak sz\u00e1nt aj\u00e1nd\u00e9kot a kar\u00e1csonyfa al\u00e1 teszik. Vannak orsz\u00e1gok, ahol szentest\u00e9n csomagolj\u00e1k ki az aj\u00e1nd\u00e9kokat, de az angolsz\u00e1sz orsz\u00e1gokban Kar\u00e1csony els\u0151 napj\u00e1n reggel j\u00f6n \u00f6ssze a csal\u00e1d a fa alatt egy kis bontogat\u00e1sra.<\/p>\n\n\n\n<p>\u00c9s akkor most l\u00e1ssuk az aj\u00e1nd\u00e9koz\u00e1s \u00e9s bontogat\u00e1s sorrendj\u00e9t!<\/p>\n\n\n\n<p>M\u00e1zlist\u00e1k&nbsp; a holland gyerekek, mert \u0151k nyitj\u00e1k a sort december 5-\u00e9n, mikul\u00e1s est\u00e9j\u00e9n. Mikul\u00e1s napj\u00e1n \u00fcnnepel a legt\u00f6bb eur\u00f3pai orsz\u00e1g, k\u00f6zt\u00fck Magyarorsz\u00e1g is. \u00cdgy mi is kor\u00e1n kezdhet\u00fcnk \u00f6r\u00fclni a szezonnyit\u00f3 celof\u00e1ncsomagnak.<\/p>\n\n\n\n<p>Anglia, Amerika, Jap\u00e1n \u00e9s m\u00e9g rengeteg m\u00e1s orsz\u00e1g ahhoz a k\u00f6rh\u00f6z tartozik, ahol december 25-\u00e9ig kell v\u00e1rakozni.<\/p>\n\n\n\n<p>A katolikus orsz\u00e1gok gyerk\u0151ceinek kell a legtov\u00e1bb kitartaniuk. A legt\u00f6bb eur\u00f3pai gyerek m\u00e1r r\u00e9g megette a csokit\u00e9lap\u00f3t \u00e9s elfelejtette a kar\u00e1csonyi aj\u00e1nd\u00e9kot, mikor a spanyol vagy \u00e9ppen mexik\u00f3i koll\u00e9g\u00e1ik megkapj\u00e1k \u0151ket. \u0150k janu\u00e1r 6-\u00e1n vehetik k\u00e9zbe a meglepet\u00e9seket.<\/p>\n\n\n\n<p>Tulajdonk\u00e9ppen november v\u00e9g\u00e9t\u0151l kezdve janu\u00e1r elej\u00e9ig \u00fcnnepel a vil\u00e1g, \u00e9s ak\u00e1r minden jeles napot meg\u00fclhet\u00fcnk. Mi\u00e9rt is ne! Csal\u00e1djaink \u00e9s bar\u00e1taink k\u00f6r\u00e9ben b\u00e1tran hivatkozzunk a \u201enemzetk\u00f6zi szeml\u00e9let fontoss\u00e1g\u00e1ra\u201d \u00e9s tegy\u00fck k\u00fcl\u00f6nlegess\u00e9 a mindennapokat egy-egy mondvacsin\u00e1lt \u00fcnneppel. A kar\u00e1csonyi v\u00e1rakoz\u00e1sokkal teli, vagy \u00e9ppen annak kapcs\u00e1n ap\u00e1ti\u00e1ba torkoll\u00f3 h\u00e9tk\u00f6znapok k\u00f6z\u00e9 pont bef\u00e9r egy-egy h\u00f3bortos este, vagy sz\u00f3rakoztat\u00f3 program.<\/p>\n\n\n\n<p>\u00cdgy extra aj\u00e1nd\u00e9kokra tehetnek szert a szemf\u00fclesek :), vagy ami m\u00e9g jobb: m\u00e1sokat is meglephet\u00fcnk hol holland, hol spanyol stb. m\u00f3dra.<\/p>\n\n\n\n<p><small>Forr\u00e1s: blog.enfocamp.com, whychristmas.com, businessonline.it, wikipedia.org<\/small><\/p>\n\n\n\n<p><\/p>\n\n\n\n<p class=\"has-text-align-center\"><strong>K\u00f6sz\u00f6nj\u00fck a l\u00e1togat\u00e1st! Ha tetszik az oldal, k\u00f6vess minket<\/strong><\/p>\n\n\n\n<p class=\"has-text-align-center\"><strong>a&nbsp;<a rel=\"noreferrer noopener\" href=\"https:\/\/www.facebook.com\/Gyerekek-a-F%C3%B6ld-k%C3%B6r%C3%BCl-231199347220088\/\" target=\"_blank\">Facebook<\/a>-on \u00e9s az&nbsp;<a href=\"https:\/\/www.instagram.com\/gyerekekafoldkorul\/\">Instagram<\/a>-on is!<\/strong><\/p>\n","protected":false},"excerpt":{"rendered":"<p>Az adventi id\u0151szak elej\u00e9n ism\u00e9t F\u00f6ld k\u00f6r\u00fcli \u00fatra indulunk. Azt fogjuk megn\u00e9zni, hogy okvetlen meg kell-e v\u00e1rnunk a Szentest\u00e9t, m\u00edg aj\u00e1nd\u00e9kot bontogathatunk, vagy van-e esetleg [&hellip;]<\/p>\n","protected":false},"author":1,"featured_media":113,"comment_status":"open","ping_status":"open","sticky":false,"template":"","format":"standard","meta":[],"categories":[13],"tags":[29,30,31,33,32],"_links":{"self":[{"href":"https:\/\/www.gyerekekafoldkorul.com\/index.php?rest_route=\/wp\/v2\/posts\/112"}],"collection":[{"href":"https:\/\/www.gyerekekafoldkorul.com\/index.php?rest_route=\/wp\/v2\/posts"}],"about":[{"href":"https:\/\/www.gyerekekafoldkorul.com\/index.php?rest_route=\/wp\/v2\/types\/post"}],"author":[{"embeddable":true,"href":"https:\/\/www.gyerekekafoldkorul.com\/index.php?rest_route=\/wp\/v2\/users\/1"}],"replies":[{"embeddable":true,"href":"https:\/\/www.gyerekekafoldkorul.com\/index.php?rest_route=%2Fwp%2Fv2%2Fcomments&post=112"}],"version-history":[{"count":2,"href":"https:\/\/www.gyerekekafoldkorul.com\/index.php?rest_route=\/wp\/v2\/posts\/112\/revisions"}],"predecessor-version":[{"id":115,"href":"https:\/\/www.gyerekekafoldkorul.com\/index.php?rest_route=\/wp\/v2\/posts\/112\/revisions\/115"}],"wp:featuredmedia":[{"embeddable":true,"href":"https:\/\/www.gyerekekafoldkorul.com\/index.php?rest_route=\/wp\/v2\/media\/113"}],"wp:attachment":[{"href":"https:\/\/www.gyerekekafoldkorul.com\/index.php?rest_route=%2Fwp%2Fv2%2Fmedia&parent=112"}],"wp:term":[{"taxonomy":"category","embeddable":true,"href":"https:\/\/www.gyerekekafoldkorul.com\/index.php?rest_route=%2Fwp%2Fv2%2Fcategories&post=112"},{"taxonomy":"post_tag","embeddable":true,"href":"https:\/\/www.gyerekekafoldkorul.com\/index.php?rest_route=%2Fwp%2Fv2%2Ftags&post=112"}],"curies":[{"name":"wp","href":"https:\/\/api.w.org\/{rel}","templated":true}]}}