{"id":126,"date":"2020-12-19T13:16:12","date_gmt":"2020-12-19T13:16:12","guid":{"rendered":"http:\/\/www.gyerekekafoldkorul.com\/?p=126"},"modified":"2020-12-19T13:20:21","modified_gmt":"2020-12-19T13:20:21","slug":"karacsonyi-troll-countdown-avagy-egy-izlandi-adventi-hagyomany","status":"publish","type":"post","link":"https:\/\/www.gyerekekafoldkorul.com\/?p=126","title":{"rendered":"Kar\u00e1csonyi troll countdown, avagy egy izlandi adventi hagyom\u00e1ny"},"content":{"rendered":"\n<p>Ha valaki azt gondoln\u00e1, hogy az adventi napt\u00e1r csak december 1-j\u00e9vel kezd\u0151dhet, a Mikul\u00e1s csak december 6-\u00e1n vagy kar\u00e1csony este \u00e9rkezhet, illetve hogy a cip\u0151ket csak egyszer lehet kitenni az ablakba a szezonban, az t\u00e9ved.<\/p>\n\n\n\n<!--more-->\n\n\n\n<p>Mindez egy &#8220;kosszal&#8221; le van tudva, ha Izlandra utazunk a kar\u00e1csonyi id\u0151szakban.<\/p>\n\n\n\n<p>Rep\u00fclj\u00fcnk most mi is oda, mert az ottani gyerekek december 13-\u00e1t\u00f3l kezdve tizenh\u00e1rom napon kereszt\u00fcl minden este kiteszik a legszebb cip\u0151j\u00fcket az ablakba \u00e9s aj\u00e1nd\u00e9khoz\u00f3 trollokban sz\u00e1molnak vissza kar\u00e1csonyig.<\/p>\n\n\n\n<div class=\"wp-block-image\"><figure class=\"aligncenter\"><img src=\"https:\/\/m.blog.hu\/gy\/gyerekekafoldkorul\/image\/80_shoes_0.jpg\" alt=\"80_shoes_0.jpg\"\/><\/figure><\/div>\n\n\n\n<p>Persze nem arr\u00f3l van sz\u00f3, hogy a lappf\u00f6ldi Mikul\u00e1st kl\u00f3nozt\u00e1k az\u00e9rt, hogy az egy\u00e9bk\u00e9nt is gyerekbar\u00e1t orsz\u00e1g m\u00e9g ink\u00e1bb a kicsik kedv\u00e9ben j\u00e1rjon, hanem az izlandi mond\u00e1k sziv\u00e1rogtak be \u00fagy az emberek h\u00e9tk\u00f6znapjaiba, hogy m\u00e1ra egy nagyvonal\u00fanak t\u0171n\u0151, kiad\u00f3s mikul\u00e1s-\u00e9s kar\u00e1csonyv\u00e1r\u00e1s kerekedett a dologb\u00f3l.<\/p>\n\n\n\n<p><strong>Honnan a tizenh\u00e1rom troll?<\/strong><\/p>\n\n\n\n<p>Az izlandi \u00e9letm\u00f3d a maga borong\u00f3s, k\u00f6d\u00f6s, sejtelmes id\u0151j\u00e1r\u00e1s\u00e1val, a hossz\u00fa, s\u00f6t\u00e9t nappalaival adja mag\u00e1t a sz\u00f3rakoztat\u00f3 mes\u00e9l\u00e9seknek, a rejtelmes t\u00f6rt\u00e9netek kital\u00e1l\u00e1s\u00e1nak. A kar\u00e1csonyi id\u0151szak pedig szint\u00e9n kitermelte a maga mondak\u00f6r\u00e9t tizenh\u00e1rom durva \u00e9s faragatlan fick\u00f3r\u00f3l, akik szenteste el\u0151tt 13 nappal \u00e9rkeznek sorrendben a hegyekb\u0151l a v\u00e1rosokba, hogy egy kis izgalmat csemp\u00e9sszenek az emberek \u00e9let\u00e9be. Kor\u00e1bban az\u00e9rt volt izgalmas az \u00e9rkez\u00e9s\u00fck, mert folyton riogatt\u00e1k a gyerekeket \u00e9s a feln\u0151tteket, \u00e9s minden ehet\u0151 dolgot megpr\u00f3b\u00e1ltak elcsenni, legyen sz\u00f3 kolb\u00e1szr\u00f3l, vagy az \u00e9telmarad\u00e9kr\u00f3l a faz\u00e9k alj\u00e1n. M\u00e1ra a k\u00f6z\u00e9pkori ruh\u00e1zatot is levetk\u0151zt\u00e9k \u00e9s bar\u00e1ts\u00e1gos, a trendeknek megfelel\u0151, mikul\u00e1sruh\u00e1s aj\u00e1nd\u00e9khoz\u00f3kk\u00e1 v\u00e1ltak. B\u00e1r ha ajt\u00f3csap\u00f3d\u00e1st hall az ember, vagy furcsa zajokat, mindig fel lehet tenni a k\u00f6lt\u0151i k\u00e9rd\u00e9st, hogy nem \u0151k lapulnak-e valamelyik sarokban, vagy az \u00e1gy alatt.<\/p>\n\n\n\n<p>Ez a tizenh\u00e1rom figura a legenda szerint <em>Gr\u00fdla<\/em> trollany\u00e1t\u00f3l \u00e9s <em>Leppal\u00fa\u00f0i <\/em>nev\u0171 trollap\u00e1t\u00f3l sz\u00e1rmaznak. Nem \u00e9ppen idilli csal\u00e1di k\u00f6rnyezetb\u0151l, mert anyuka a monda szerint a rossz gyerekeket mag\u00e1val vitte \u00e9s bel\u0151l\u00fck k\u00e9sz\u00edtett ragut mag\u00e1nak, apuka pedig ronda volt, lusta \u00e9s szint\u00e9n mor\u00e1lisan ingov\u00e1nyos. R\u00e1ad\u00e1sul volt ezeknek egy macsk\u00e1ja <em>Ur\u00f0ark\u00f6tturinn, <\/em><em>m\u00e1s n\u00e9ven<\/em> <em>J\u00f3lak\u00f6tturinn, <\/em>avagy a kar\u00e1csonyi macska, ami pedig azokat a gyerekeket falta fel, akik nem kaptak \u00faj ruh\u00e1t kar\u00e1csonyra. El lehet k\u00e9pzelni azt a motiv\u00e1ci\u00f3t, amivel ezek ut\u00e1n a kisgyerekek oda\u00fcltek a feln\u0151ttek mell\u00e9, hogy seg\u00edtsenek feldolgozni az \u0151szi gyapj\u00fat, \u00e9s megfonj\u00e1k, -sz\u0151j\u00e9k \u00e9s -varrj\u00e1k kar\u00e1csonyig az \u00faj ruh\u00e1t. Hiszen aki lusta volt seg\u00edteni, annak nem lett ruh\u00e1ja, k\u00f6vetkez\u00e9sk\u00e9pp egy hatalmas macska haragj\u00e1t v\u00edvta ki.<\/p>\n\n\n\n<p>A feln\u0151tt fant\u00e1zia el\u00e9g gazdag ahhoz, hogy r\u00e9mesebbn\u00e9l r\u00e9mesebb t\u00f6rt\u00e9neteket tal\u00e1ljon ki a rendetlenked\u0151 gyerekek megregul\u00e1z\u00e1s\u00e1ra, a gyerekek pedig el\u00e9g hisz\u00e9kenyek, hogy mindezekkel sakkban lehessen tartani \u0151ket. M\u00e9gis, elk\u00f6vetkezett a gyerekek r\u00e9misztget\u00e9s\u00e9ben az a pont, amit a j\u00f3zanabbul gondolkod\u00f3k sem hagyhattak sz\u00f3 n\u00e9lk\u00fcl. \u00cdgy 1746-ban Izlandon elrendelt\u00e9k azt, hogy nem lehet a gyerekeket a tizenh\u00e1rom kar\u00e1csonyi r\u00e9malakkal ijesztegetni.<\/p>\n\n\n\n<p><em>\u201cAzt a bolond szok\u00e1st, melyet az orsz\u00e1gban itt-ott gyakorolnak, nevezetesen, hogy a gyerekeket a kar\u00e1csonyi fi\u00fakkal \u00e9s m\u00e1s szellemekkel riogatnak, el kell t\u00f6r\u00f6lni&#8221; (<\/em>Brian Pilkington &#8211; a <em>The Yule Lads)<\/em><\/p>\n\n\n\n<p>Ut\u00f3lag is k\u00f6sz\u00f6net ez\u00e9rt, halad\u00f3 gondolkod\u00e1sra vall!<\/p>\n\n\n\n<p>M\u00e1ra ez a tizenh\u00e1rom csirkefog\u00f3, ha lopnak is valamit, piti dolgokat m\u0171velnek csak, de emellett hoznak aj\u00e1nd\u00e9kot is.&nbsp;Hogy pontosan milyen cs\u00ednyeket k\u00f6vetnek is el ezek a trollfiak hajdan\u00e1n, azt J\u00f3hannes \u00far K\u00f6tlum izlandi k\u00f6lt\u0151 foglalta versbe 1932-ben &#8220;J\u00f3lasveinarnir&#8221; c\u00edmmel.<\/p>\n\n\n\n<p>Tavaly a vicc kedv\u00e9\u00e9rt kipr\u00f3b\u00e1ltuk itthon ezt az izlandi szok\u00e1st. Nem volt egyszer\u0171 egy\u00fctt \u00e9lni azzal a stresszfaktorral, hogy egy este sem szabadott elfeledkezni a kis cip\u0151kr\u0151l az ajt\u00f3ban. Beszereztem n\u00e9h\u00e1ny apr\u00f3s\u00e1got, zsebk\u00f6nyveket, pici csokit stb. \u00e9s m\u00e9g \u00edgy is voltak olyan est\u00e9k, amikor krumplival \u00e9s s\u00e1rgar\u00e9p\u00e1val kellett r\u00f6gt\u00f6n\u00f6zni. De akadt olyan is, amikor az \u00e9jszaka k\u00f6zep\u00e9n jutott eszembe, hogy nem tettem semmit a cip\u0151be, \u00e9s jobb h\u00edj\u00e1n egy doboz szard\u00edni\u00e1t csemp\u00e9sztem a csizm\u00e1ba. Sz\u00f3val kellett egy kis kreativit\u00e1s, meg volt n\u00e9h\u00e1ny mal\u0151r, de megfelel\u0151 el\u0151k\u00e9sz\u00fcletek mellett ki lehetett vitelezni a logisztik\u00e1t.<\/p>\n\n\n\n<p>Id\u00e9n volt szerencs\u00e9m tal\u00e1lkozni egy izlandi ismer\u0151ssel, akit kifaggattam err\u0151l a szok\u00e1sr\u00f3l. Azt mondta, Izlandon vannak olyan \u00e9jjelnappali boltok, melyek fel vannak k\u00e9sz\u00fclve arra, hogy az \u00e9jszaka k\u00f6zep\u00e9n k\u00e9ts\u00e9gbeesett sz\u00fcl\u0151k szaladnak be hozz\u00e1juk, hogy adjanak valami apr\u00f3s\u00e1got, mert hamarosan pirkad, \u00e9s m\u00e9g nincs semmi a cip\u0151kben. A tavalyi tesztel\u00e9s ut\u00e1n most m\u00e1r \u00e1t tudom \u00e9rezni a helyzet komolys\u00e1g\u00e1t. \ud83d\ude42<\/p>\n\n\n\n<p>Azt viszont \u00e9rdekes volt tapasztalni, hogy id\u00e9n a kisl\u00e1nyunk levelet akart \u00edrni a rendes Mikul\u00e1snak, hogy \u0151 id\u00e9n nem szeretn\u00e9, ha minden nap j\u00f6nn\u00e9nek a kar\u00e1csonyi csib\u00e9szek, mert egy kicsit unalmas volt minden nap aj\u00e1nd\u00e9kot kapni. <\/p>\n\n\n\n<p>\u00c1m legyen!<\/p>\n\n\n\n<p><em>Forr\u00e1sok \u00e9s k\u00e9pek: pixabay.com, de.wikipedia.org, iceland.is, en.wikipedia.org, thefirstgates.com, blogs.transparent.com, www.icelandnaturally.com<\/em><\/p>\n\n\n\n<p class=\"has-text-align-center\"><strong>K\u00f6sz\u00f6nj\u00fck a l\u00e1togat\u00e1st! Ha tetszik az oldal, k\u00f6vess minket<\/strong><\/p>\n\n\n\n<p class=\"has-text-align-center\"><strong>a&nbsp;<a rel=\"noreferrer noopener\" href=\"https:\/\/www.facebook.com\/Gyerekek-a-F%C3%B6ld-k%C3%B6r%C3%BCl-231199347220088\/\" target=\"_blank\">Facebook<\/a>-on \u00e9s az&nbsp;<a href=\"https:\/\/www.instagram.com\/gyerekekafoldkorul\/\">Instagram<\/a>-on is!<\/strong><\/p>\n\n\n\n<p><strong>Kapcsol\u00f3d\u00f3 cikkek:<\/strong><\/p>\n\n\n\n<p><a href=\"https:\/\/www.gyerekekafoldkorul.com\/?p=112\">Adventi aj\u00e1nd\u00e9koz\u00e1s a F\u00f6ld k\u00f6r\u00fcl<\/a><\/p>\n\n\n\n<p><a href=\"https:\/\/www.gyerekekafoldkorul.com\/?p=117\">Mit keres egy kak\u00e1l\u00f3 ember a betlehemben?<\/a><\/p>\n","protected":false},"excerpt":{"rendered":"<p>Ha valaki azt gondoln\u00e1, hogy az adventi napt\u00e1r csak december 1-j\u00e9vel kezd\u0151dhet, a Mikul\u00e1s csak december 6-\u00e1n vagy kar\u00e1csony este \u00e9rkezhet, illetve hogy a cip\u0151ket [&hellip;]<\/p>\n","protected":false},"author":1,"featured_media":127,"comment_status":"open","ping_status":"open","sticky":false,"template":"","format":"standard","meta":[],"categories":[18],"tags":[38,34,40,39],"_links":{"self":[{"href":"https:\/\/www.gyerekekafoldkorul.com\/index.php?rest_route=\/wp\/v2\/posts\/126"}],"collection":[{"href":"https:\/\/www.gyerekekafoldkorul.com\/index.php?rest_route=\/wp\/v2\/posts"}],"about":[{"href":"https:\/\/www.gyerekekafoldkorul.com\/index.php?rest_route=\/wp\/v2\/types\/post"}],"author":[{"embeddable":true,"href":"https:\/\/www.gyerekekafoldkorul.com\/index.php?rest_route=\/wp\/v2\/users\/1"}],"replies":[{"embeddable":true,"href":"https:\/\/www.gyerekekafoldkorul.com\/index.php?rest_route=%2Fwp%2Fv2%2Fcomments&post=126"}],"version-history":[{"count":3,"href":"https:\/\/www.gyerekekafoldkorul.com\/index.php?rest_route=\/wp\/v2\/posts\/126\/revisions"}],"predecessor-version":[{"id":130,"href":"https:\/\/www.gyerekekafoldkorul.com\/index.php?rest_route=\/wp\/v2\/posts\/126\/revisions\/130"}],"wp:featuredmedia":[{"embeddable":true,"href":"https:\/\/www.gyerekekafoldkorul.com\/index.php?rest_route=\/wp\/v2\/media\/127"}],"wp:attachment":[{"href":"https:\/\/www.gyerekekafoldkorul.com\/index.php?rest_route=%2Fwp%2Fv2%2Fmedia&parent=126"}],"wp:term":[{"taxonomy":"category","embeddable":true,"href":"https:\/\/www.gyerekekafoldkorul.com\/index.php?rest_route=%2Fwp%2Fv2%2Fcategories&post=126"},{"taxonomy":"post_tag","embeddable":true,"href":"https:\/\/www.gyerekekafoldkorul.com\/index.php?rest_route=%2Fwp%2Fv2%2Ftags&post=126"}],"curies":[{"name":"wp","href":"https:\/\/api.w.org\/{rel}","templated":true}]}}