{"id":144,"date":"2021-04-02T05:34:00","date_gmt":"2021-04-02T05:34:00","guid":{"rendered":"http:\/\/www.gyerekekafoldkorul.com\/?p=144"},"modified":"2021-03-06T12:36:54","modified_gmt":"2021-03-06T12:36:54","slug":"sonkan-innen-torman-tul-husvet-a-fold-korul","status":"publish","type":"post","link":"https:\/\/www.gyerekekafoldkorul.com\/?p=144","title":{"rendered":"Sonk\u00e1n innen, torm\u00e1n t\u00fal \u2013 H\u00fasv\u00e9t a F\u00f6ld k\u00f6r\u00fcl"},"content":{"rendered":"\n<p>A k\u00f6zelg\u0151 H\u00fasv\u00e9t alkalm\u00e1b\u00f3l k\u00f6rberep\u00fcl\u00fcnk a F\u00f6ld k\u00f6r\u00fcl \u00e9s megn\u00e9zz\u00fck, mivel t\u00f6ltik majd a gyerekek \u00e9s feln\u0151ttek nagyp\u00e9ntekt\u0151l a locsol\u00e1sig az id\u0151t. Fogjunk egy csokinyulat \u00e9s induljunk kalandozni a nagyvil\u00e1gba!<\/p>\n\n\n\n<!--more-->\n\n\n\n<p><strong>Toj\u00e1svad\u00e1szat<\/strong><\/p>\n\n\n\n<p>Ez a szok\u00e1s nek\u00fcnk is ismer\u0151s, hiszen n\u00e1lunk is sokan keresg\u00e9lnek piros toj\u00e1st, vagy m\u00e1s finoms\u00e1gokat h\u00fasv\u00e9tkor a f\u0171ben, vagy bokor alj\u00e1n. A j\u00e1t\u00e9k azonban nem csak n\u00e1lunk ismeretes, hanem N\u00e9metorsz\u00e1gban, Sv\u00e1jcban, Sv\u00e9dorsz\u00e1gban, az USA-ban, Kanad\u00e1ban, Malajzi\u00e1ban, Braz\u00edli\u00e1ban, de m\u00e9g a F\u00fcl\u00f6p-szigeteken, vagy Indi\u00e1ban is. Meglep\u0151 ez, hiszen n\u00e9mely orsz\u00e1gban nem felt\u00e9tlen\u00fcl a kereszt\u00e9ny vall\u00e1s a leggyakoribb. Mi erre a magyar\u00e1zat? Az, hogy az id\u0151 eltelt\u00e9vel, a H\u00fasv\u00e9t \u00fcnnepl\u00e9se kapott egy vil\u00e1gi sz\u00ednezetet is. \u00cdgy az \u00fcnnepl\u00e9s bizonyos elemei ink\u00e1bb sz\u00f3lnak arr\u00f3l, hogy j\u00f6jjenek \u00f6ssze a gyerekek \u00e9s feln\u0151ttek, k\u00f6z\u00f6ss\u00e9gek, szomsz\u00e9dok egy k\u00f6z\u00f6s m\u00f3ka erej\u00e9ig, mint az \u00fcnnep vall\u00e1sos tartalm\u00e1r\u00f3l.<\/p>\n\n\n\n<p><strong>H\u00fasv\u00e9ti kalap kavalk\u00e1d<\/strong><\/p>\n\n\n\n<p>Szint\u00e9n egy vil\u00e1gibb \u00fcnnepl\u00e9si m\u00f3d a f\u0151leg angolsz\u00e1sz orsz\u00e1gokban elterjedt <a href=\"https:\/\/www.mumslounge.com.au\/entertainment\/kids-activities\/12-fun-easter-bonnet-ideas\/\">h\u00fasv\u00e9ti kalap<\/a> k\u00e9sz\u00edt\u00e9s. A gyerekek a \u201ety\u00fak\u00f3l-style\u201d szerint, toj\u00e1sokkal, csib\u00e9kkel, tollakkal, vir\u00e1gokkal kid\u00edsz\u00edtett karim\u00e1s kalapokban par\u00e1d\u00e9zhatnak az iskol\u00e1ban, vagy az utc\u00e1kon. A k\u00e9pek \u00f6nmaguk\u00e9rt besz\u00e9lnek, \u00e9s l\u00e1that\u00f3, hogy az a legmen\u0151bb h\u00fasv\u00e9tol\u00f3, akinek a legnagyobb \u00e9s legsz\u00ednesebb a fejfed\u0151je.<\/p>\n\n\n\n<div class=\"wp-block-image\"><figure class=\"aligncenter\"><img src=\"https:\/\/m.blog.hu\/gy\/gyerekekafoldkorul\/image\/61_easter_bonnet_parade.jpg\" alt=\"61_easter_bonnet_parade.jpg\"\/><\/figure><\/div>\n\n\n\n<p><strong>Csokiny\u00fal<\/strong><\/p>\n\n\n\n<p>M\u00e1r azt hitt\u00fck, mindent tudunk a h\u00fasv\u00e9ti ny\u00falr\u00f3l, pedig mindig van min meglep\u0151dni. <a href=\"https:\/\/www.babycenter.com\/0_easter-traditions-around-the-world_10311191.bc\">Forr\u00e1saink<\/a> szerint pl. Sv\u00e9dorsz\u00e1gban, N\u00e9metorsz\u00e1gban, Ausztri\u00e1ban vagy Sv\u00e1jcban ink\u00e1bb a mezei nyulat \u00e9rtik a h\u00fasv\u00e9ti nyuszi alatt, m\u00edg az Egyes\u00fclt \u00c1llamokban, Kanad\u00e1ban a h\u00e1zi ny\u00fal a csokihoz\u00f3. \u00c9s ha ez m\u00e9g nem lenne el\u00e9g, Ausztr\u00e1li\u00e1ban ink\u00e1bb az \u0151shonos ersz\u00e9nyes ny\u00fal mellett kamp\u00e1nyolnak egy ideje, minthogy az \u00e1ltalunk ismert, a gyarmatos\u00edt\u00e1s idej\u00e9n a vil\u00e1g t\u00fals\u00f3 fel\u00e9re v\u00e1ndorolt ny\u00fal ott k\u00e1rtev\u0151nek sz\u00e1m\u00edt. Ez\u00e9rt kaphat\u00f3 ott ez a kicsi, hegyes orr\u00fa, hegyes f\u00fcl\u0171 ersz\u00e9nyes \u00e1llatka csoki form\u00e1ban is.<\/p>\n\n\n\n<div class=\"wp-block-image\"><figure class=\"aligncenter\"><img src=\"https:\/\/m.blog.hu\/gy\/gyerekekafoldkorul\/image\/61_oster-bilby.jpg\" alt=\"61_oster-bilby.jpg\"\/><\/figure><\/div>\n\n\n\n<p>\u00c9rdekes, hogy Franciaorsz\u00e1gban, a ny\u00fal nem kap aj\u00e1nd\u00e9khoz\u00f3 megb\u00edzat\u00e1st. Ott a R\u00f3m\u00e1ba v\u00e1ndorolt \u00e9s \u00e9ppen hazafele tart\u00f3 harangok hoznak \u00e9dess\u00e9get a kicsiknek.<\/p>\n\n\n\n<p><strong>Skandin\u00e1via \u00e9s a h\u00fasv\u00e9ti&nbsp; Halloween<\/strong><\/p>\n\n\n\n<p>Akik kedvelik a Halloween-t, azok k\u00e9tszer is \u00f6r\u00fclhetnek egy \u00e9vben. A Telegraph <a href=\"http:\/\/www.telegraph.co.uk\/food-and-drink\/finest-easter\/easter-traditions-around-world\/\">cikke<\/a> szerint ugyanis a sv\u00e9d \u00e9s finn gyerekek ilyenkor boszork\u00e1knak \u00f6lt\u00f6znek, fej\u00fckre kend\u0151t k\u00f6tnek, r\u00e9gi szokny\u00e1kba b\u00fajnak, kez\u00fckbe sepr\u0171t vesznek, \u00e9s pirospozsg\u00e1sra festett arccal j\u00e1rj\u00e1k a h\u00e1zakat. \u00c9dess\u00e9get k\u00e9rnek a h\u00e1ziakt\u00f3l, de lehet, hogy saj\u00e1t k\u00e9sz\u00edt\u00e9s\u0171 m\u0171alkot\u00e1saikat, vagy az \u00e1ltaluk hozott h\u00e1zi \u00e1ld\u00e1st szeretn\u00e9k zsebp\u00e9nzre, vagy csokira v\u00e1ltani.<\/p>\n\n\n\n<p>A hagyom\u00e1ny szerint ugyanis z\u00f6ld cs\u00fct\u00f6rt\u00f6k est\u00e9n a boszork\u00e1nyok sepr\u0171iken felrep\u00fclnek egy hegyre, hogy ott az \u00f6rd\u00f6ggel ugrabugr\u00e1ljanak. Ennek \u00f6r\u00f6m\u00e9re \u00f6lt\u00f6znek be a gyerekek boszork\u00e1knak.<\/p>\n\n\n\n<div class=\"wp-block-image\"><figure class=\"aligncenter\"><img src=\"https:\/\/m.blog.hu\/gy\/gyerekekafoldkorul\/image\/61_swedish-easter-witches-1.jpg\" alt=\"61_swedish-easter-witches-1.jpg\"\/><\/figure><\/div>\n\n\n\n<p><a href=\"https:\/\/riverlinguistics.com\/10-amazing-easter-traditions\/\">Finnorsz\u00e1gban<\/a> krepp-pap\u00edrral, sz\u00ednes tollakkal, vagy szalagokkal d\u00edsz\u00edtett f\u0171zfa\u00e1gakat is visznek magukkal, ezzel s\u00f6prik ki a rossz szellemeket a h\u00e1zb\u00f3l, miut\u00e1n elmondj\u00e1k a versik\u00e9t: \u201e<em>Irvon, varvon, tuoreeks terveeks, tulevaks vuodeks; vitsa sulle, palkka mulle!\u201d<\/em> Ez szabadford\u00edt\u00e1sban valahogy annyit tesz, hogy: \u201e\u00c1gacsk\u00e1mat megsuhintom, friss \u00e9s eg\u00e9szs\u00e9ges \u00e9vet hozzon! Egy \u00e1g neked, egy \u00e9dess\u00e9g nekem!\u201d<\/p>\n\n\n\n<p>A sepr\u0171lovasokat a t\u00e9li, s\u00f6t\u00e9t napokkal egyetemben a h\u00fasv\u00e9tvas\u00e1rnapi m\u00e1glyat\u0171z \u0171zi el azt\u00e1n.<\/p>\n\n\n\n<p><strong>\u00c9szakon \u00e9s d\u00e9len<\/strong><\/p>\n\n\n\n<p>Sz\u00e1munkra a H\u00fasv\u00e9t a tavaszv\u00e1r\u00e1st jelenti, az \u00e1prilisi z\u00e1port, a vir\u00e1gz\u00e1st, a vetem\u00e9nyez\u00e9st. Megy\u00fcnk a rossz id\u0151b\u0151l a j\u00f3ba, nem csoda, hogy a h\u00fasv\u00e9ti szok\u00e1sok nagy r\u00e9sze is a szabadban zajlik. T\u00f6bb eur\u00f3pai orsz\u00e1gban hagyom\u00e1nyos a fentebb is eml\u00edtett m\u00e1glya \u00e9p\u00edt\u00e9s, mely a rossz id\u0151 \u00e9s a s\u00f6t\u00e9t, t\u00e9li napok hely\u00e9be hoz jelk\u00e9pesen vil\u00e1goss\u00e1got. A modern kor embere pedig beizz\u00edtja a kerti grillt \u00e9s \u00edgy ker\u00fclhet sor az \u00e9vadnyit\u00f3 barbecue partikra, amely szint\u00e9n \u00f6sszehozza az embereket egy ev\u00e9s-iv\u00e1sra.<\/p>\n\n\n\n<p>De mi t\u00f6rt\u00e9nik a d\u00e9li f\u00e9ltek\u00e9n, ahol a H\u00fasv\u00e9t a borong\u00f3s id\u0151 bek\u00f6sz\u00f6nt\u00e9t hozza mag\u00e1val? Neh\u00e9z elk\u00e9pzelni, hogy ilyenkor a csal\u00e1d \u00e9s a bar\u00e1tok az\u00e9rt j\u00f6nnek \u00f6ssze, hogy az utols\u00f3 meleg napokat egy\u00fctt ki\u00e9lvezz\u00e9k. Ausztr\u00e1li\u00e1ban p\u00e9ld\u00e1ul ekkor van az els\u0151 sz\u00fcnet a kar\u00e1csony ut\u00e1n, \u00edgy a csal\u00e1dok sokszor kempingezni mennek, vagy a tengern\u00e9l t\u00f6ltenek p\u00e1r napot, miel\u0151tt bek\u00f6sz\u00f6nt a hideg id\u0151.<\/p>\n\n\n\n<p><strong>H\u00fasv\u00e9ti j\u00e1t\u00e9kok<\/strong><\/p>\n\n\n\n<p>Ha a sonka-torma tengelyr\u0151l el szeretn\u00e9nk mozdulni \u00e9s kicsit feldobn\u00e1nk a h\u00fasv\u00e9ti d\u00e9lel\u0151tt\u00f6t, szemezgess\u00fcnk az al\u00e1bbi j\u00e1t\u00e9kokb\u00f3l. Ki tudja, lehet, hogy a csal\u00e1di hagyom\u00e1nyok r\u00e9sze lehet egy-egy ilyen vid\u00e1m kih\u00edv\u00e1s.<\/p>\n\n\n\n<p>A <em>Zw\u00e4nzgerle<\/em> n\u00e9vre hallgat\u00f3, hagyom\u00e1nyosan sv\u00e1jci j\u00e1t\u00e9khoz \u00e9rdemes el\u0151re apr\u00f3p\u00e9nzt f\u00e9lretenni. Ez a zsebp\u00e9nzgy\u0171jt\u0151 j\u00e1t\u00e9k a feln\u0151ttek sz\u00e1m\u00e1ra azt a kih\u00edv\u00e1st tartogatja, hogy el kell tal\u00e1lni a gyerekek sz\u00ednes toj\u00e1sait egy p\u00e9nz\u00e9rm\u00e9vel. Ha&nbsp; az ember elhib\u00e1zza, \u00e9s a toj\u00e1s egyben marad, a gyerek kapja az \u00e9rm\u00e9t. Ha a feln\u0151tt j\u00f3l dob, akkor az \u00f6v\u00e9 lesz a toj\u00e1s \u00e9s a p\u00e9nz is.<\/p>\n\n\n\n<p><em>Toj\u00e1skoccol\u00e1snak<\/em> ford\u00edtom a k\u00f6vetkez\u0151 j\u00e1t\u00e9kot (ha valaki tud m\u00e1s nevet erre, k\u00e9r\u00fcnk egy kommentet), mely f\u0151leg N\u00e9metorsz\u00e1gban \u00e9s Ausztri\u00e1ban elterjedt \u00e9s egyszerre k\u00e9t ember j\u00e1tssza. A felek k\u00e9t festett toj\u00e1ssal felv\u00e9rtezve \u00e1llnak egym\u00e1ssal szemben, \u00e9s finoman egym\u00e1shoz \u00fctik azok tetej\u00e9t, m\u00edg az egyik be nem reped. Az nyer, akinek a toj\u00e1sa kem\u00e9nyebb, \u00e9s s\u00e9rtetlen marad.<\/p>\n\n\n\n<div class=\"wp-block-image\"><figure class=\"aligncenter\"><img src=\"https:\/\/m.blog.hu\/gy\/gyerekekafoldkorul\/image\/61_egg_roll.jpg\" alt=\"61_egg_roll.jpg\"\/><\/figure><\/div>\n\n\n\n<p>Nem kell amerikai eln\u00f6knek lenni, hogy <em>toj\u00e1sgurgat\u00f3 versenyt<\/em> rendezz\u00fcnk. Ezt a versenyt, melyet a Feh\u00e9r H\u00e1z d\u00e9li gyep\u00e9n majd 130 \u00e9ve minden \u00e9vben megrendeznek, a magunk \u00f6r\u00f6m\u00e9re otthon is kipr\u00f3b\u00e1lhatjuk. Kimehet\u00fcnk a kertbe, vagy ki a v\u00e1rosi parkba. Ki kell jel\u00f6lni egy start- \u00e9s egy c\u00e9lvonalat, fel kell sorakoztatni a sz\u00ednes toj\u00e1sokat, mell\u00e9j\u00fck a gurgat\u00f3kat, akik fakan\u00e1llal, bottal, golf\u00fct\u0151vel stb. felszerelkezve v\u00e1rj\u00e1k a rajtjelet. \u00c9rtelemszer\u0171en az nyer, aki el\u0151sz\u00f6r teljes\u00edti a t\u00e1vot.<\/p>\n\n\n\n<p><strong>Bermudai pap\u00edrs\u00e1rk\u00e1nyok<\/strong><\/p>\n\n\n\n<p>Legv\u00e9g\u00fcl pedig egy egzotikus orsz\u00e1gba utazunk. Nagyp\u00e9nteken a Bermud\u00e1kon hagyom\u00e1nyosan s\u00e1rk\u00e1nyereget\u00e9ssel t\u00f6ltik a napot kicsik \u00e9s nagyok egyar\u00e1nt. Az \u00e1ltal\u00e1ban geometrikus form\u00e1j\u00fa, rik\u00edt\u00f3an tarka s\u00e1rk\u00e1nyok eg\u00e9sz \u00e9vben k\u00e9sz\u00fclnek \u00e9s nagyp\u00e9nteken r\u00f6ptetik meg \u0151ket el\u0151sz\u00f6r. Mivel a s\u00e1rk\u00e1ny\u00e9p\u00edt\u00e9s itt \u201enemzeti hobbinak\u201d sz\u00e1m\u00edt, nem csoda, ha az \u00e9vek sor\u00e1n siker\u00fclt kifejleszteni olyan pap\u00edrs\u00e1rk\u00e1nyokat, melyek vil\u00e1grekordokat \u00e9rtek el.<\/p>\n\n\n\n<div class=\"wp-block-image\"><figure class=\"aligncenter\"><img src=\"https:\/\/m.blog.hu\/gy\/gyerekekafoldkorul\/image\/61_sarkany.jpg\" alt=\"61_sarkany.jpg\"\/><\/figure><\/div>\n\n\n\n<p>A bermudai s\u00e1rk\u00e1nyok h\u00fasv\u00e9ti r\u00f6ptet\u00e9se az egyik legfontosabb \u00e9ves esem\u00e9ny. Honnan a hagyom\u00e1ny? \u00c1ll\u00edt\u00f3lag egy tan\u00e1r valaha egy s\u00e1rk\u00e1nnyal szeml\u00e9ltette, hogyan sz\u00e1llt fel Krisztus a mennybe. A nagyp\u00e9nteki s\u00e1rk\u00e1nyereget\u00e9s ennek \u00e1ll\u00edt eml\u00e9ket, \u00e9s egy j\u00f3 alkalom arra, hogy a strandon \u00f6sszegy\u0171lj\u00f6n a k\u00f6rny\u00e9k apraja-nagyja.<\/p>\n\n\n\n<p>B\u00e1rhol t\u00f6ltse is a kedves olvas\u00f3 majd az \u00fcnnepeket, kellemes h\u00fasv\u00e9tol\u00e1st k\u00edv\u00e1nunk!<\/p>\n\n\n\n<p><\/p>\n\n\n\n<p class=\"has-text-align-center\"><strong>K\u00f6sz\u00f6nj\u00fck a l\u00e1togat\u00e1st! Ha tetszik az oldal, k\u00f6vess minket<\/strong><\/p>\n\n\n\n<p class=\"has-text-align-center\"><strong>a&nbsp;<a rel=\"noreferrer noopener\" href=\"https:\/\/www.facebook.com\/Gyerekek-a-F%C3%B6ld-k%C3%B6r%C3%BCl-231199347220088\/\" target=\"_blank\">Facebook<\/a>-on \u00e9s az&nbsp;<a href=\"https:\/\/www.instagram.com\/gyerekekafoldkorul\/\">Instagram<\/a>-on is!<\/strong><\/p>\n\n\n\n<p><em>Forr\u00e1sok \u00e9s k\u00e9pek: babycenter.com, telegraph.co.uk, wikipedia.org, gotobermuda.com, riverlinguistics.com, riverlinguistics.com, bdc.nsw.edu.au, mumslounge.com.au, recreatedesigncompany.com, rollcall.com, theonionpatch.com<\/em><\/p>\n","protected":false},"excerpt":{"rendered":"<p>A k\u00f6zelg\u0151 H\u00fasv\u00e9t alkalm\u00e1b\u00f3l k\u00f6rberep\u00fcl\u00fcnk a F\u00f6ld k\u00f6r\u00fcl \u00e9s megn\u00e9zz\u00fck, mivel t\u00f6ltik majd a gyerekek \u00e9s feln\u0151ttek nagyp\u00e9ntekt\u0151l a locsol\u00e1sig az id\u0151t. Fogjunk egy csokinyulat [&hellip;]<\/p>\n","protected":false},"author":1,"featured_media":145,"comment_status":"open","ping_status":"open","sticky":false,"template":"","format":"standard","meta":[],"categories":[13],"tags":[46,47],"_links":{"self":[{"href":"https:\/\/www.gyerekekafoldkorul.com\/index.php?rest_route=\/wp\/v2\/posts\/144"}],"collection":[{"href":"https:\/\/www.gyerekekafoldkorul.com\/index.php?rest_route=\/wp\/v2\/posts"}],"about":[{"href":"https:\/\/www.gyerekekafoldkorul.com\/index.php?rest_route=\/wp\/v2\/types\/post"}],"author":[{"embeddable":true,"href":"https:\/\/www.gyerekekafoldkorul.com\/index.php?rest_route=\/wp\/v2\/users\/1"}],"replies":[{"embeddable":true,"href":"https:\/\/www.gyerekekafoldkorul.com\/index.php?rest_route=%2Fwp%2Fv2%2Fcomments&post=144"}],"version-history":[{"count":3,"href":"https:\/\/www.gyerekekafoldkorul.com\/index.php?rest_route=\/wp\/v2\/posts\/144\/revisions"}],"predecessor-version":[{"id":148,"href":"https:\/\/www.gyerekekafoldkorul.com\/index.php?rest_route=\/wp\/v2\/posts\/144\/revisions\/148"}],"wp:featuredmedia":[{"embeddable":true,"href":"https:\/\/www.gyerekekafoldkorul.com\/index.php?rest_route=\/wp\/v2\/media\/145"}],"wp:attachment":[{"href":"https:\/\/www.gyerekekafoldkorul.com\/index.php?rest_route=%2Fwp%2Fv2%2Fmedia&parent=144"}],"wp:term":[{"taxonomy":"category","embeddable":true,"href":"https:\/\/www.gyerekekafoldkorul.com\/index.php?rest_route=%2Fwp%2Fv2%2Fcategories&post=144"},{"taxonomy":"post_tag","embeddable":true,"href":"https:\/\/www.gyerekekafoldkorul.com\/index.php?rest_route=%2Fwp%2Fv2%2Ftags&post=144"}],"curies":[{"name":"wp","href":"https:\/\/api.w.org\/{rel}","templated":true}]}}