{"id":205,"date":"2021-04-30T15:40:23","date_gmt":"2021-04-30T15:40:23","guid":{"rendered":"http:\/\/www.gyerekekafoldkorul.com\/?p=205"},"modified":"2021-04-30T15:40:23","modified_gmt":"2021-04-30T15:40:23","slug":"jo-az-anya-jot-akar-13-kulonleges-anyak-napja-a-fold-korul","status":"publish","type":"post","link":"https:\/\/www.gyerekekafoldkorul.com\/?p=205","title":{"rendered":"J\u00f3 az anya, j\u00f3t akar \u2013 13 k\u00fcl\u00f6nleges Any\u00e1k Napja a F\u00f6ld k\u00f6r\u00fcl"},"content":{"rendered":"\n<p>Ahol gyerekek vannak, ott any\u00e1k is vannak \u00e9s mi m\u00e1ssal is \u00fcnnepelhetn\u00e9nk meg itt az anyuk\u00e1k k\u00f6zelg\u0151 \u00fcnnep\u00e9t, mint egy idev\u00e1g\u00f3 \u00edr\u00e1ssal. Ez\u00fattal az ir\u00e1ntuk val\u00f3 tisztelet \u00e9s szeretet lesz a vez\u00e9rfonal, mely, ahogy azt l\u00e1tni fogjuk, kult\u00far\u00e1kt\u00f3l, f\u00f6ldr\u00e9szekt\u0151l, orsz\u00e1gokt\u00f3l f\u00fcggetlen.<\/p>\n\n\n\n<!--more-->\n\n\n\n<p>Az \u00f6tlet, hogy legyen az \u00e9vben egy nap, amikor a gyerekek \u00e9s feln\u0151ttek egyar\u00e1nt felk\u00f6sz\u00f6ntik azokat, akikt\u0151l az \u00e9let\u00fcket kapt\u00e1k, a 20. sz\u00e1zad legelej\u00e9n sz\u00fcletett meg.&nbsp;\u00cdgy az any\u00e1k napi \u00fcnneps\u00e9g m\u00e1ra t\u00f6bb, mint 100 \u00e9ves m\u00faltra tekint vissza a vil\u00e1gon. Mivel nincs egy pontos d\u00e1tumhoz k\u00f6tve, a k\u00fcl\u00f6nb\u00f6z\u0151 orsz\u00e1gok k\u00fcl\u00f6nb\u00f6z\u0151 napokon \u00fcnnepelnek. A legt\u00f6bben m\u00e1jus&nbsp;m\u00e1sodik vas\u00e1rnapj\u00e1t jel\u00f6lt\u00e9k ki ev\u00e9gb\u0151l.<\/p>\n\n\n\n<p>Az egyes\u00fclt \u00e1llamokbeli Anna Jarvis, az \u201eAnya napja\u201d n\u00e9vre keresztelte a napot, melynek hivataloss\u00e1 t\u00e9tel\u00e9\u00e9rt k\u00fczd\u00f6tt, tov\u00e1bbv\u00edve \u00e9s megval\u00f3s\u00edtva anyja c\u00e9lkit\u0171z\u00e9s\u00e9t. Anyja, Ann Reeves Jarvis, a kor n\u0151mozgalmainak \u00e9s n\u0151egyleteinek keret\u00e9n bel\u00fcl k\u00fczd\u00f6tt az\u00e9rt, hogy legyen egy kijel\u00f6lt nap, amikor megeml\u00e9keznek a n\u0151kr\u0151l \u00e9s any\u00e1kr\u00f3l, akikre akkoriban a b\u00e9ke z\u00e1logak\u00e9nt is tekintettek. Anyja hal\u00e1la ut\u00e1n p\u00e1r \u00e9vvel Anna Jarvis f\u00e1radoz\u00e1sait 1914-ben <a href=\"https:\/\/de.wikipedia.org\/wiki\/Muttertag\">siker koron\u00e1zta<\/a>, ekkor nyilv\u00e1n\u00edtotta Wilson eln\u00f6k nemzeti \u00fcnnepnapp\u00e1 az any\u00e1k napj\u00e1t. Miut\u00e1n a kezdem\u00e9nyez\u00e9s az orsz\u00e1g vezet\u00e9s\u00e9nek t\u00e1mogat\u00e1s\u00e1t \u00e9lvezte, nem sok\u00e1ra nemzetk\u00f6zi h\u00e1tszelet is kapott az <em>Anya Napja Nemzetk\u00f6zi Sz\u00f6vets\u00e9g<\/em> keret\u00e9ben, \u00e9s a vil\u00e1g orsz\u00e1gai sorra karolt\u00e1k fel a mozgalmat.<\/p>\n\n\n\n<p>Felkarolt\u00e1k az \u00f6tletet a vir\u00e1g\u00e1rusok, bonbonk\u00e9sz\u00edt\u0151k, aj\u00e1nd\u00e9k\u00e1rusok, aj\u00e1nd\u00e9kk\u00e1rtya- \u00e9s k\u00e9peslapk\u00e9sz\u00edt\u0151k is, hiszen egy ekkora \u00e9rzelmi t\u00f6ltettel rendelkez\u0151 \u00f6tletre remek\u00fcl r\u00e1 lehet kapcsol\u00f3dni kereskedelmi szempontb\u00f3l is. Nem is csoda, hogy az any\u00e1k napja nagyon hamar el\u00fczletiesedett, mely ellen azt\u00e1n pont az alap\u00f6tlet megval\u00f3s\u00edt\u00f3ja k\u00fczd\u00f6tt a legjobban. Anna Jarvis egy id\u0151 ut\u00e1n kem\u00e9nyen tiltakozott az any\u00e1k napja ilyent\u00e9n \u00fcnnepl\u00e9se ellen. Egy id\u00e9zet szerint Jarvis m\u00e9g az el\u0151re nyomtatott \u00fcdv\u00f6zl\u0151lapokat is kifog\u00e1solta, mert szerinte, aki nem k\u00e9pes saj\u00e1t k\u00e9zzel meg\u00edrni egy k\u00f6sz\u00f6n(t)\u0151 levelet \u00e9desanyj\u00e1nak, az egyszer\u0171en lusta, \u00e9s bele se gondol abba, hogy mennyi \u00e1ldozatot hoznak meg az any\u00e1k nap, mint nap.<\/p>\n\n\n\n<p>Ez az any\u00e1k napja 20. sz\u00e1zadi t\u00f6rt\u00e9nete napjainkig, amikor is a felm\u00e9r\u00e9sek szerint legink\u00e1bb a bonbon, vir\u00e1gcsokor, konyhag\u00e9p, aj\u00e1nd\u00e9kk\u00e1rtya, parf\u00fcm stb. a leggyakoribb aj\u00e1nd\u00e9k, \u00e9s t\u00f6bb orsz\u00e1gban a Kar\u00e1csony ut\u00e1n ez a m\u00e1sodik legnagyobb bev\u00e9telt hoz\u00f3 \u00fcnnep az \u00e9vben. De nem volt ez mindig \u00edgy.<\/p>\n\n\n\n<p>M\u00e1r az \u00f3kori g\u00f6r\u00f6g\u00f6k is tartottak \u201eanya\u00fcnnepet\u201d, m\u00e9gpedig Zeusz isten anyja, <a href=\"https:\/\/hu.wikipedia.org\/wiki\/Rhea\">Rhea <\/a>&nbsp;n\u0151i tit\u00e1n tisztelet\u00e9re, aki megaj\u00e1nd\u00e9kozta a F\u00f6ldet az \u00e9lettel. Mindazon\u00e1ltal ez az \u00e1ldozatok felmutat\u00e1s\u00e1val j\u00e1r\u00f3, <a href=\"http:\/\/www.wissen.de\/muttertag-geschichte-braeuche-und-geschenke\">tavaszv\u00e1r\u00f3<\/a> \u00fcnnep az id\u0151k sor\u00e1n feled\u00e9sbe mer\u00fclt.<\/p>\n\n\n\n<div class=\"wp-block-image\"><figure class=\"aligncenter\"><img src=\"https:\/\/m.blog.hu\/gy\/gyerekekafoldkorul\/image\/63_ida_viraga.JPG\" alt=\"63_ida_viraga.JPG\"\/><\/figure><\/div>\n\n\n\n<p>Az Egyes\u00fclt Kir\u00e1lys\u00e1g ter\u00fclet\u00e9n a 16-18. sz\u00e1zadban is voltak any\u00e1k napi \u00fcnneps\u00e9gek, melynek k\u00f6z\u00e9ppontj\u00e1ban \u201eaz Anya\u201d, azaz Sz\u0171z M\u00e1ria dics\u0151\u00edt\u00e9se \u00e1llt. Sokan (pl. a mesters\u00e9get kitanul\u00f3 leg\u00e9nyek, vagy m\u00e1s h\u00e1zakhoz szeg\u0151d\u00f6tt csel\u00e9dl\u00e1nyok) a nagyb\u00f6jt negyedik vas\u00e1rnapj\u00e1n, a \u201eMothering Sunday\u201d-re zar\u00e1ndokoltak haza az \u201eanya-templomukba\u201d, \u00edgy sokan ekkor l\u00e1tt\u00e1k viszont hossz\u00fa id\u0151 ut\u00e1n csal\u00e1djukat \u00e9s \u00e9desanyjukat is. Ezek az <a href=\"http:\/\/www.huffingtonpost.com\/2015\/05\/08\/mothers-day-around-the-world_n_7235774.html\">\u00fcnneps\u00e9gek<\/a> az 1800-as \u00e9vekben koptak meg, majd a 20. sz\u00e1zadban \u00e9ledtek \u00fajj\u00e1, imm\u00e1ron az eml\u00edtett \u00fajabb k\u00f6nt\u00f6sben.<\/p>\n\n\n\n<p>A mai kor any\u00e1k napi \u00fcnneps\u00e9gei is tartogatnak sz\u00e1munkra \u00e9rdekess\u00e9geket. Sz\u00e1mos orsz\u00e1g megannyi \u00e9rdekes m\u00f3don \u00e9lteti az any\u00e1kat, melyekkel ak\u00e1r mi is feldobhatjuk, \u00e9s igaz\u00e1n k\u00fcl\u00f6nlegess\u00e9 tehetj\u00fck m\u00e1jus els\u0151 vas\u00e1rnapj\u00e1t.<\/p>\n\n\n\n<p><strong>Eti\u00f3pi\u00e1ban <\/strong>p\u00e9ld\u00e1ul meg\u00fcnneplik az Any\u00e1k Napj\u00e1t, de az nincs d\u00e1tumhoz k\u00f6tve. Itt a nagy nap a <a href=\"http:\/\/diepresse.com\/home\/leben\/mode\/657350\/Andere-Laender-andere-Muttertagsbraeuche\">term\u00e9kenys\u00e9get hoz\u00f3 es\u0151s \u00e9vszak<\/a> bek\u00f6sz\u00f6nt\u00e9t jelenti, amit viszonylag neh\u00e9z lenne pirossal be\u00edrni a napt\u00e1rba. Okt\u00f3ber-november k\u00f6rny\u00e9k\u00e9n, ha leesik az els\u0151 csapad\u00e9k, a gyerekek hazal\u00e1togatnak a sz\u00fcl\u0151i h\u00e1zba \u00e9s n\u00e9h\u00e1ny napon kereszt\u00fcl j\u00f3 \u00e9telek \u00e9s zene mellett \u00fcnnepelnek. Az any\u00e1k zs\u00edrral kenik be arcukat \u00e9s t\u00e1ncolnak, mik\u00f6zben a f\u00e9rfiak meg\u00e9neklik a csal\u00e1dot.<\/p>\n\n\n\n<p><strong>Belgiumban<\/strong> a magyar szok\u00e1sokhoz hasonl\u00f3an \u00fcnneplik az any\u00e1kat, de m\u00e1jus m\u00e1sodik vas\u00e1rnapj\u00e1n. Ott az anyuk\u00e1knak vir\u00e1g j\u00e1r, torta, vagy saj\u00e1t k\u00e9zzel k\u00e9sz\u00edtett aj\u00e1nd\u00e9k.<\/p>\n\n\n\n<p><strong>Franciaorsz\u00e1gban<\/strong> is hasonl\u00f3k\u00e9ppen <a href=\"http:\/\/www.huffingtonpost.de\/julia-birkenbauer\/andere-laender-andere-sit_b_9334344.html\">\u00fcnnepelnek<\/a>, csak \u00e9pp m\u00e1jus utols\u00f3 vas\u00e1rnapj\u00e1n.<\/p>\n\n\n\n<p><strong>Nagy Britanni\u00e1ban<\/strong> a H\u00fasv\u00e9t el\u0151tti negyedik vas\u00e1rnapot jel\u00f6lt\u00e9k ki erre a c\u00e9lra, \u00edgy ott sincs pontos d\u00e1tuma az Any\u00e1k Napj\u00e1nak. Valamikor m\u00e1rcius v\u00e9g\u00e9n, \u00e1prilis elej\u00e9n tartj\u00e1k, vir\u00e1g-, bonbon- \u00e9s \u00fcdv\u00f6zl\u0151k\u00e1rtya \u00f6z\u00f6n keret\u00e9ben. Hagyom\u00e1nyosan ilyenkor fogyasztj\u00e1k a Simnel tort\u00e1t is.<\/p>\n\n\n\n<div class=\"wp-block-image\"><figure class=\"aligncenter\"><img src=\"https:\/\/m.blog.hu\/gy\/gyerekekafoldkorul\/image\/63_easter-simnel-cake.jpg\" alt=\"63_easter-simnel-cake.jpg\"\/><\/figure><\/div>\n\n\n\n<p><strong>Olaszorsz\u00e1gban<\/strong> a \u201e<a href=\"http:\/\/www.handelsblatt.com\/panorama\/aus-aller-welt\/festa-della-mamma-wie-andere-laender-muttertag-feiern\/2653338.html\">Festa della Mamma<\/a>\u201c alkalm\u00e1val nem csak a gyerekek k\u00f6sz\u00f6ntik az anyuk\u00e1kat, hanem az eg\u00e9sz csal\u00e1d \u00f6sszej\u00f6n. N\u00e9melyek azt mondj\u00e1k, hogy ez a nap a vir\u00e1g\u00e1rusok \u00e9s cukr\u00e1szd\u00e1k \u00fcnnepe is, \u00edgy nem sokat kell tal\u00e1lgatnunk az aj\u00e1nd\u00e9kokat illet\u0151en sem.<\/p>\n\n\n\n<p><strong>Jap\u00e1nban<\/strong> sokszor a k\u00f6sz\u00f6netnyilv\u00e1n\u00edt\u00e1s mellett (\u201eokaasan arigatou\u201d, vagyis \u201ek\u00f6sz\u00f6nom, anya\u201d) piros szegf\u0171t kapnak az anyuk\u00e1k \u00e9s aj\u00e1nd\u00e9k gyan\u00e1nt <a href=\"http:\/\/www.handelsblatt.com\/panorama\/aus-aller-welt\/festa-della-mamma-wie-andere-laender-muttertag-feiern\/2653338.html\">kitakar\u00edtj\u00e1k<\/a> helyett\u00fck a gyerekek a lak\u00e1st, vagy elk\u00fcldik \u0151t p\u00e9ld\u00e1ul massz\u00e1zsra, vagy sz\u00e9ps\u00e9gkezel\u00e9sre.<\/p>\n\n\n\n<p><strong>Oroszorsz\u00e1gban<\/strong> viszont egy\u00e1ltal\u00e1n nincs Any\u00e1k Napja, mert ott a m\u00e1rciusi, nemzetk\u00f6zi n\u0151nap keret\u00e9n bel\u00fcl vannak vir\u00e1ggal \u00e9s pralin\u00e9val felk\u00f6sz\u00f6ntve az anyuk\u00e1k is.<\/p>\n\n\n\n<p><strong>G\u00f6r\u00f6gorsz\u00e1gban<\/strong> a m\u00e1jusi jeles napon az eg\u00e9sz lak\u00e1st vir\u00e1g d\u00edsz\u00edti \u00e9s a csal\u00e1d k\u00f6z\u00f6sen fogyasztja el az alkalomra s\u00fct\u00f6tt m\u00e9zes s\u00fctem\u00e9nyt.<\/p>\n\n\n\n<p><strong>Mong\u00f3lia<\/strong> az a hely, ahol szint\u00e9n nem \u00fcnnepelnek Any\u00e1k Napj\u00e1t, de van helyette \u201eanya-gyerek nap\u201d. Minden \u00e9vben j\u00fanius 1-j\u00e9n tartj\u00e1k \u00e9s az egy\u00fctt t\u00f6lt\u00f6tt id\u0151 az aj\u00e1nd\u00e9k.<\/p>\n\n\n\n<p>A <strong>holland<\/strong> \u201eMoederdag\u201d reggel\u00e9n az anyuk\u00e1k sz\u00e1m\u00e1ra sok h\u00e1zban a gyerekek \u00e1gyba viszik a reggelit. De egy k\u00f6z\u00f6s nagy reggeli, vagy egy grillez\u00e9s sem kiz\u00e1rt ezen a napon, kieg\u00e9sz\u00edtve aj\u00e1nd\u00e9kkal \u00e9s vir\u00e1ggal. Aprop\u00f3 vir\u00e1g: ha m\u00e1r a tulip\u00e1nok f\u00f6ldj\u00e9n j\u00e1runk, \u00e9rdemes itt megjegyezni, hogy az \u00fcnnep het\u00e9ben k\u00f6zel <a href=\"http:\/\/www.handelsblatt.com\/panorama\/aus-aller-welt\/festa-della-mamma-wie-andere-laender-muttertag-feiern\/2653338.html\">140 milli\u00f3 sz\u00e1l<\/a> vir\u00e1g indul \u00fatnak szerte a vil\u00e1gba Hollandi\u00e1b\u00f3l.<\/p>\n\n\n\n<p><strong>Indi\u00e1ba<\/strong> is import\u00e1lt\u00e1k az \u201eamerikai t\u00edpus\u00fa\u201d, m\u00e1jusi Any\u00e1k Napj\u00e1t, \u00e9s emellett minden okt\u00f3berben a hinduk 10 napos fesztiv\u00e1llal, a <em>Durga Puja<\/em>-val \u00fcneplik Durg\u00e1t, az any\u00e1k istenn\u0151j\u00e9t is.&nbsp; Ez a vall\u00e1si \u00fcnnep a csal\u00e1di \u00f6sszej\u00f6vetelek ideje is, nem csoda, ha azt hetekkel kor\u00e1bban elkezdik el\u0151k\u00e9sz\u00edteni, \u00edgy az \u00fcnnep k\u00f6zeledt\u00e9vel egyre gyarapodnak az \u00e9tkek a kamr\u00e1ban \u00e9s a d\u00edsz\u00edt\u00e9s a h\u00e1zakon.<\/p>\n\n\n\n<p><strong>Mexik\u00f3ban<\/strong> is nagyon komolyan veszik az any\u00e1k \u00fcdv\u00f6zl\u00e9s\u00e9t. Itt \u0151ket sok helyen <a href=\"http:\/\/www.huffingtonpost.com\/2015\/05\/08\/mothers-day-around-the-world_n_7235774.html\">szeren\u00e1ddal<\/a> k\u00f6sz\u00f6ntik, \u00e9s a nagy napokon (sz\u00fclet\u00e9snap, \u00e9vfordul\u00f3 stb.) szok\u00e1sos <em>Las ma\u00f1anitas<\/em> c. dalt \u00e9neklik el a gyerekek:<\/p>\n\n\n\n<figure class=\"wp-block-embed-youtube aligncenter wp-block-embed is-type-rich is-provider-beagyazas-kezelo wp-embed-aspect-16-9 wp-has-aspect-ratio\"><div class=\"wp-block-embed__wrapper\">\n<iframe title=\"Las Ma\u00f1anitas - Vincente Fernandez (English Lyrics)\" width=\"1020\" height=\"574\" src=\"https:\/\/www.youtube.com\/embed\/w_pLp4Ckbpo?feature=oembed\" frameborder=\"0\" allow=\"accelerometer; autoplay; clipboard-write; encrypted-media; gyroscope; picture-in-picture\" allowfullscreen><\/iframe>\n<\/div><\/figure>\n\n\n\n<p>\u00c9s a v\u00e9g\u00e9n \u00e1lljon itt egy igaz\u00e1n vicces \u00e9s rendk\u00edv\u00fcli any\u00e1k napi \u00fcnnepl\u00e9si m\u00f3d. <strong>Szerbi\u00e1ban<\/strong> ugyanis a gyerekek reggel belop\u00f3znak a sz\u00fcl\u0151k h\u00e1l\u00f3szob\u00e1j\u00e1ba, majd <a href=\"http:\/\/diepresse.com\/home\/leben\/mode\/657350\/Andere-Laender-andere-Muttertagsbraeuche\">\u00f6sszek\u00f6tik<\/a> az anyuka l\u00e1bait. \u0150 a szabads\u00e1got \u00e1ll\u00edt\u00f3lag \u00e9dess\u00e9gek \u00e1r\u00e1n kapja vissza. B\u00e1r lehet, hogy az is el\u00e9g, ha nincs reggeli.<\/p>\n\n\n\n<p>De mit is vihet\u00fcnk <a href=\"http:\/\/www.scholastic.com\/parents\/resources\/article\/parent-child\/mothers-day-traditions-around-world\">magunkkal<\/a> ebb\u0151l a sokf\u00e9le \u00fcnnepl\u00e9sb\u0151l?<\/p>\n\n\n\n<p>Megl\u00e1togathatunk m\u00e1s anyuk\u00e1kat a csal\u00e1di \u00e9s bar\u00e1ti k\u00f6rb\u0151l, vihet\u00fcnk nekik saj\u00e1t k\u00e9sz\u00edt\u00e9s\u0171 s\u00fctem\u00e9nyt aj\u00e1nd\u00e9kba. Megk\u00f6sz\u00f6nhetj\u00fck k\u00f6rnyezet\u00fcnkben m\u00e1s any\u00e1knak is a seg\u00edts\u00e9get egy sz\u00e1l vir\u00e1ggal, vagy egy k\u00e1rty\u00e1val. Mes\u00e9lhet\u00fcnk egym\u00e1snak t\u00f6rt\u00e9neteket a csal\u00e1d n\u0151i tagjair\u00f3l, el\u0151vehetj\u00fck a fot\u00f3albumokat, rajzolhatunk csal\u00e1dfa mint\u00e1ra \u201eanyaf\u00e1t\u201d. Kialak\u00edthatunk \u00faj csal\u00e1di hagyom\u00e1nyokat any\u00e1k napja alkalm\u00e1b\u00f3l. Kifejezhetj\u00fck h\u00e1l\u00e1nkat csal\u00e1dtagjainknak p\u00e9ld\u00e1ul a vacsoraasztal k\u00f6r\u00fcl \u00fclve, megtan\u00edtva ezzel a gyerekeknek, hogy hogyan mondjanak k\u00f6sz\u00f6netet nem csak az any\u00e1nak, de testv\u00e9reiknek \u00e9s sz\u00fcleiknek is.<\/p>\n\n\n\n<p>\u00c9ljenek h\u00e1t az anyuk\u00e1k!<\/p>\n\n\n\n<p><\/p>\n\n\n\n<p>Forr\u00e1sok \u00e9s k\u00e9pek: odlums.ie, crosscards.com, handelsblatt.com, diepresse.com, tagesspiegel.de, de.wikipedia.org, wissen.de, huffingtonpost.de, muetterberatung.de, scholastic.com, huffingtonpost.com, hu.wikipedia.org<\/p>\n\n\n\n<p class=\"has-text-align-center\"><strong>K\u00f6sz\u00f6nj\u00fck a l\u00e1togat\u00e1st! Ha tetszik az oldal, k\u00f6vess minket<\/strong><\/p>\n\n\n\n<p class=\"has-text-align-center\"><strong>a&nbsp;<a rel=\"noreferrer noopener\" href=\"https:\/\/www.facebook.com\/Gyerekek-a-F%C3%B6ld-k%C3%B6r%C3%BCl-231199347220088\/\" target=\"_blank\">Facebook<\/a>-on \u00e9s az&nbsp;<a href=\"https:\/\/www.instagram.com\/gyerekekafoldkorul\/\">Instagram<\/a>-on is!<\/strong><\/p>\n","protected":false},"excerpt":{"rendered":"<p>Ahol gyerekek vannak, ott any\u00e1k is vannak \u00e9s mi m\u00e1ssal is \u00fcnnepelhetn\u00e9nk meg itt az anyuk\u00e1k k\u00f6zelg\u0151 \u00fcnnep\u00e9t, mint egy idev\u00e1g\u00f3 \u00edr\u00e1ssal. Ez\u00fattal az ir\u00e1ntuk [&hellip;]<\/p>\n","protected":false},"author":1,"featured_media":207,"comment_status":"closed","ping_status":"open","sticky":false,"template":"","format":"standard","meta":[],"categories":[13],"tags":[],"_links":{"self":[{"href":"https:\/\/www.gyerekekafoldkorul.com\/index.php?rest_route=\/wp\/v2\/posts\/205"}],"collection":[{"href":"https:\/\/www.gyerekekafoldkorul.com\/index.php?rest_route=\/wp\/v2\/posts"}],"about":[{"href":"https:\/\/www.gyerekekafoldkorul.com\/index.php?rest_route=\/wp\/v2\/types\/post"}],"author":[{"embeddable":true,"href":"https:\/\/www.gyerekekafoldkorul.com\/index.php?rest_route=\/wp\/v2\/users\/1"}],"replies":[{"embeddable":true,"href":"https:\/\/www.gyerekekafoldkorul.com\/index.php?rest_route=%2Fwp%2Fv2%2Fcomments&post=205"}],"version-history":[{"count":2,"href":"https:\/\/www.gyerekekafoldkorul.com\/index.php?rest_route=\/wp\/v2\/posts\/205\/revisions"}],"predecessor-version":[{"id":209,"href":"https:\/\/www.gyerekekafoldkorul.com\/index.php?rest_route=\/wp\/v2\/posts\/205\/revisions\/209"}],"wp:featuredmedia":[{"embeddable":true,"href":"https:\/\/www.gyerekekafoldkorul.com\/index.php?rest_route=\/wp\/v2\/media\/207"}],"wp:attachment":[{"href":"https:\/\/www.gyerekekafoldkorul.com\/index.php?rest_route=%2Fwp%2Fv2%2Fmedia&parent=205"}],"wp:term":[{"taxonomy":"category","embeddable":true,"href":"https:\/\/www.gyerekekafoldkorul.com\/index.php?rest_route=%2Fwp%2Fv2%2Fcategories&post=205"},{"taxonomy":"post_tag","embeddable":true,"href":"https:\/\/www.gyerekekafoldkorul.com\/index.php?rest_route=%2Fwp%2Fv2%2Ftags&post=205"}],"curies":[{"name":"wp","href":"https:\/\/api.w.org\/{rel}","templated":true}]}}