{"id":51,"date":"2020-10-24T11:46:46","date_gmt":"2020-10-24T11:46:46","guid":{"rendered":"http:\/\/www.gyerekekafoldkorul.com\/?p=51"},"modified":"2020-10-27T11:27:59","modified_gmt":"2020-10-27T11:27:59","slug":"vilagpolgar-a-gyerekem-jo-ez-neki","status":"publish","type":"post","link":"https:\/\/www.gyerekekafoldkorul.com\/?p=51","title":{"rendered":"Vil\u00e1gpolg\u00e1r a gyerekem &#8211; J\u00f3 ez neki?"},"content":{"rendered":"\n<p>Nemr\u00e9giben \u00e9rdekes multi-kulti szitu\u00e1ci\u00f3ba keveredt\u00fcnk egy k\u00fclf\u00f6ldi j\u00e1tsz\u00f3t\u00e9ren.<\/p>\n\n\n\n<p>\u00c9pp hint\u00e1ztunk, amikor egy m\u00e1sik kisgyerek is odaj\u00f6tt, hogy most m\u00e1r \u0151 is szeretne sorra ker\u00fclni. Kisl\u00e1nyunknak esze \u00e1g\u00e1ban nem volt lesz\u00e1llni, \u00e9s \u00e1tadni a m\u00e1siknak a helyet. Ekkor r\u00e9szemr\u0151l kisebb r\u00e1besz\u00e9l\u00e9s k\u00f6vetkezett magyar nyelven, azt\u00e1n n\u00e9metre v\u00e1ltottam, hogy a v\u00e1rakoz\u00f3 kisgyerek is \u00e9rtse, hogy nem sok\u00e1ra \u0151 k\u00f6vetkezik. K\u00f6zben meg\u00e9rkezett annak nagyobb testv\u00e9re, aki szint\u00e9n a j\u00e1t\u00e9kszab\u00e1lyokat magyar\u00e1zta el a kisebbnek. A mondand\u00f3 java r\u00e9sz\u00e9t nem \u00e9rtettem, de n\u00e9ha felbukkant egy-egy sz\u00e9pen kiejtett, nyelvtanilag korrekt n\u00e9met mondat a besz\u00e9d\u00e9ben. Azt\u00e1n hallgatta, hogy mi mit besz\u00e9l\u00fcnk a magunk nyelv\u00e9n, majd megk\u00e9rdezte, honnan j\u00f6tt\u00fcnk. Mondtam, hogy mi magyarok vagyunk. \u201e\u00c9s te?\u201d \u2013 tettem fel a k\u00e9rd\u00e9st. \u201e\u00c9n f\u00e9lig szlov\u00e1k vagyok, f\u00e9lig pakiszt\u00e1ni\u201d \u2013 mosolygott \u0151.<\/p>\n\n\n\n<!--more-->\n\n\n\n<p>15-20 \u00e9ve m\u00e9g leesett volna az \u00e1tlagember \u00e1lla egy ilyen v\u00e1lasz miatt, mostanra viszont m\u00e1r sokkal ritk\u00e1bban kapjuk fel a fej\u00fcnket a hasonl\u00f3 esetekben. K\u00fcl\u00f6n\u00f6sebb statisztikai vizsg\u00e1lat n\u00e9lk\u00fcl meg\u00e1llap\u00edthat\u00f3 ugyanis, hogy egyre t\u00f6bb gyermek n\u0151 fel <strong>kevert kult\u00far\u00e1j\u00fa k\u00f6zegben<\/strong>, legyen az egy multikultur\u00e1lis csal\u00e1d, vagy egyszer\u0171en csak a sz\u00fclei haz\u00e1j\u00e1n k\u00edv\u00fcl. Ennek a fajta kalandos \u00e9let\u00fatnak nagyon sok hozad\u00e9ka van egy ember sz\u00e1m\u00e1ra, b\u00e1r vannak \u00e1rnyoldalai is.<\/p>\n\n\n\n<p><strong>A t\u00f6bbkult\u00far\u00e1j\u00fa neveltet\u00e9s el\u0151nyei \u00e9s h\u00e1tr\u00e1nyai<\/strong><\/p>\n\n\n\n<p>Ha valaki kevert kult\u00far\u00e1j\u00fa csal\u00e1dban vagy k\u00f6rnyezetben n\u0151 fel, adja mag\u00e1t az <a href=\"https:\/\/en.wikipedia.org\/wiki\/Third_culture_kid\" target=\"_blank\" rel=\"noreferrer noopener\">el\u0151ny<\/a>, hogy eleve <strong>sz\u00e9lesebb l\u00e1t\u00f3k\u00f6rrel<\/strong>, t\u00e1gabb vil\u00e1gk\u00e9ppel fog rendelkezni az illet\u0151. \u00c9rti, hogy bizonyos szitu\u00e1ci\u00f3kat t\u00f6bb szempontb\u00f3l is lehet szeml\u00e9lni, \u00e9rt\u00e9kelni, \u00e9s ami p\u00e9ld\u00e1ul az egyik f\u00e9l sz\u00e1m\u00e1ra mag\u00e1t\u00f3l \u00e9rtet\u0151dik \u00e9s term\u00e9szetes, az egy m\u00e1sik f\u00e9l sz\u00e1m\u00e1ra a megbotr\u00e1nkoztat\u00f3, s\u00e9rt\u0151, vicces stb. kateg\u00f3ri\u00e1ba eshet.<\/p>\n\n\n\n<p>Aki \u00edgy n\u0151 fel, a k\u00fcl\u00f6nf\u00e9le \u00e9lethelyzeteket megtapasztalva, <strong>k\u00f6nnyebben alkalmazkodik<\/strong> egy \u00faj k\u00f6rnyezetben az ott kialakult szok\u00e1sokhoz, norm\u00e1khoz, \u00e9letvitelekhez, hamarabb r\u00e1\u00e9rez arra, hogy mi ill\u0151, mi nem, milyen viselked\u00e9s zavar\u00f3, vagy \u00e9pp mi az, ami elv\u00e1rt. Az ilyen k\u00e9szs\u00e9gekre pedig ak\u00e1r akkor is sz\u00fcks\u00e9g lehet, ha pl. egy &nbsp;\u00faj munkahely, vagy egy \u00faj iskola kult\u00far\u00e1j\u00e1hoz kell hozz\u00e1szokni.<\/p>\n\n\n\n<p>Ha ezt m\u00e9g egy <strong>t\u00f6bbnyelv\u0171<\/strong> nevel\u00e9s is megkoron\u00e1zza, akkor az v\u00e9gk\u00e9pp utat nyit sokf\u00e9le lehet\u0151s\u00e9ghez.<\/p>\n\n\n\n<p>T\u00f6bbkult\u00far\u00e1j\u00fa gyerekk\u00e9nt feln\u0151ve viszont sz\u00e1mos <a href=\"https:\/\/de.wikipedia.org\/wiki\/Third_Culture_Kid\" target=\"_blank\" rel=\"noreferrer noopener\">neh\u00e9zs\u00e9ggel<\/a> is szembe tal\u00e1lhatja mag\u00e1t az ember.<\/p>\n\n\n\n<p>Neh\u00e9z lehet p\u00e9ld\u00e1ul olyan k\u00e9rd\u00e9sekben eligazodni, mint <strong>politika, hazaszeretet<\/strong>, vagy k\u00f6z\u00f6ss\u00e9gi, <strong>kultur\u00e1lis \u00e9rt\u00e9kek<\/strong>. Az ilyen gyerekek \u00e9s feln\u0151ttek sokszor nehezen adnak v\u00e1laszt arra a k\u00e9rd\u00e9sre, hogy \u201eHol van az otthonod?\u201d vagy hogy \u201eHonnan j\u00f6tt\u00e9l?\u201d.<\/p>\n\n\n\n<p>Kih\u00edv\u00e1st jelenthet, ha \u00fajra kultur\u00e1lisan <strong>egy\u00f6ntet\u0171 k\u00f6rnyezetben<\/strong> tal\u00e1lj\u00e1k magukat, ahol az emberek nem annyira nyitottak a k\u00fclvil\u00e1g ir\u00e1nt. Ugyanis hi\u00e1ba tudj\u00e1k elmes\u00e9lni, hogy \u201eK\u00e9pzeld, n\u00e1lunk ezt \u00fagy csin\u00e1lj\u00e1k, hogy&#8230;\u201d, vagy hogy \u201eEzt az \u00e9telt ebben \u00e9s ebben az orsz\u00e1gban \u00edgy \u00e9s \u00edgy ettem m\u00e1r\u201d stb. ez a tud\u00e1s feleslegess\u00e9 v\u00e1lhat, az ilyenf\u00e9le fell\u00e9p\u00e9s \u00e9s t\u00f6rt\u00e9netmes\u00e9l\u00e9s s\u00e9rt\u0151nek, fennh\u00e9jaz\u00f3nak t\u0171nhet. Pedig h\u00e1t mit tehet arr\u00f3l valaki, ha sokf\u00e9le dologr\u00f3l tud mes\u00e9lni, mert sok mindent l\u00e1tott \u00e9s tapasztalt?<\/p>\n\n\n\n<p>Az egy\u00f6ntet\u0171s\u00e9g, az \u00f6n-f\u00f3kusz\u00e1lts\u00e1g, a kultur\u00e1lisan tarka benyom\u00e1sok hi\u00e1nya \u00f6nmag\u00e1ban v\u00e9ve is kevesebb <strong>meglepet\u00e9st<\/strong> tartogat. M\u00e1rpedig ha valaki ahhoz szokott hozz\u00e1 gyerekk\u00e9nt, hogy l\u00e9pten-nyomon valami \u00e9rdekess\u00e9gbe botlik, v\u00e9lhet\u0151en k\u00e9s\u0151bb is erre lesz ig\u00e9nye. A multikultur\u00e1lis k\u00f6rnyezetet megszokva az egysz\u00edn\u0171s\u00e9gben megtal\u00e1lni az apr\u00f3 \u00f6r\u00f6m\u00f6ket komoly pr\u00f3bat\u00e9telt jelenthet.<\/p>\n\n\n\n<p>Ha sz\u00fcl\u0151haz\u00e1jukon k\u00edv\u00fcl n\u0151nek fel gyerekek, \u00e1ltal\u00e1ban nem rendelkeznek olyan m\u00e9ly tud\u00e1ssal annak szok\u00e1saival, hagyom\u00e1nyaival, karakterjegyeivel kapcsolatban sem. Jellemz\u0151, hogy sok esetben az adott kult\u00fara humora az, illetve az <strong>emberek<\/strong> <strong>humor\u00e9rz\u00e9ke <\/strong>az, melyet nem tudj\u00e1k els\u0151re \u00e9rtelmezni, ha pl. a csal\u00e1d visszak\u00f6lt\u00f6zik a sz\u00fcl\u0151k orsz\u00e1g\u00e1ba.<\/p>\n\n\n\n<p>A gyerekkori orsz\u00e1gv\u00e1lt\u00e1sok nyilv\u00e1nval\u00f3an a <strong>gyerekkori bar\u00e1ts\u00e1gokat<\/strong> is megbonyol\u00edtj\u00e1k. Vannak gyerekek, \u00e9s ez f\u0151leg a l\u00e1nyokra jellemz\u0151bb, akik nem alak\u00edtanak ki olyan m\u00e9ly bar\u00e1ts\u00e1gokat, mert tudj\u00e1k, hogy azt\u00e1n \u00fagyis el kell v\u00e1lni. \u00c9rdekes azonban az is, hogy n\u00e9mely gyerekek emiatt k\u00f6zvetlenebbek lehetnek az \u00e1tlagn\u00e1l, hamar m\u00e9ly bar\u00e1ts\u00e1gok kialak\u00edt\u00e1s\u00e1ra t\u00f6rekednek, mert tudj\u00e1k, hogy nekik nincs egy gyerekkornyi idej\u00fck arra, hogy igazi bar\u00e1tnak nevezhessenek valakit. Elv\u00e9gre ki tudja, mikor k\u00f6lt\u00f6zik \u00fajra a csal\u00e1d?<\/p>\n\n\n\n<figure class=\"wp-block-image\"><img src=\"https:\/\/m.blog.hu\/gy\/gyerekekafoldkorul\/image\/76_father-656734_1280.jpg\" alt=\"76_father-656734_1280.jpg\"\/><\/figure>\n\n\n\n<p><strong>A legh\u00e9tk\u00f6znapibb kih\u00edv\u00e1sok<\/strong><\/p>\n\n\n\n<p>Hogy ez az egzotikus \u00e9letforma a maga neh\u00e9zs\u00e9geivel megfoghat\u00f3bb\u00e1 v\u00e1ljon, a The Telegraph <a href=\"http:\/\/www.telegraph.co.uk\/expat\/education-and-family\/the-10-biggest-struggles-for-a-third-culture-kid\/\" target=\"_blank\" rel=\"noreferrer noopener\">cikk\u00e9b\u0151l<\/a> hozunk p\u00e9ld\u00e1kat.<\/p>\n\n\n\n<p>Egy huszon\u00e9ves, angol \u00e9s francia sz\u00fcl\u0151kt\u0151l sz\u00e1rmaz\u00f3, Szingap\u00farban sz\u00fcletett \u00e9s Thaif\u00f6ld\u00f6n feln\u00f6v\u0151 fiatal l\u00e1nnyal, Blandine-nel k\u00e9sz\u00edtett interj\u00fa sor\u00e1n csokorba szedt\u00e9k, hogy t\u00f6bbkult\u00far\u00e1j\u00fa gyerekk\u00e9nt mik voltak azok a helyzetek, k\u00e9rd\u00e9sek, vagy kih\u00edv\u00e1sok melyekhez az \u00e9vek sor\u00e1n hozz\u00e1 kellett szoknia.<\/p>\n\n\n\n<p><strong><em>\u201eHonnan j\u00f6tt\u00e9l?\u201d \u00e9s \u201eTe mit szokt\u00e1l otthon csin\u00e1lni?\u201d<\/em><\/strong><\/p>\n\n\n\n<p>Ha valakinek a sz\u00fclei k\u00fcl\u00f6nb\u00f6z\u0151 orsz\u00e1gokb\u00f3l sz\u00e1rmaznak, bizony sokszor hossz\u00fa magyar\u00e1zkod\u00e1sba fulladhat a v\u00e1lasz. Mert itt a k\u00e9rd\u00e9s utalhat arra, hogy honnan j\u00f6ttek az illet\u0151 sz\u00fclei, milyen nemzetis\u00e9g\u0171 valaki, hol lakott eddig stb. Nem k\u00f6nny\u0171 eld\u00f6nteni, hogy egy \u00fatlev\u00e9l hivataloss\u00e1g\u00e1val praktikusabb v\u00e1laszolni, vagy az \u00e9rzelmekre hallgatva azt el\u00e1rulni, hol \u00e9rzi igaz\u00e1n otthon mag\u00e1t az ember.<\/p>\n\n\n\n<p>A cikkben szerepl\u0151 l\u00e1ny elmond\u00e1sa szerint azon t\u00fal, hogy meghat\u00e1rozza, hogy hol van sz\u00e1m\u00e1ra ez a hely, arra a k\u00e9rd\u00e9sre is neh\u00e9z v\u00e1laszt adnia, hogy mit szokott \u2019otthon\u2019 csin\u00e1lni. Ha ugyanis az igazs\u00e1gnak azt az oldal\u00e1t emeli ki, hogy a medence mellett szokta t\u00f6lteni az id\u0151t, h\u00e9tv\u00e9gente vend\u00e9gl\u0151be j\u00e1rnak, vagy most ezt \u00e9s ezt az orsz\u00e1got fedezi fel a sz\u00fcleivel \u00e9pp, akkor azzal sokak ellenszenv\u00e9t v\u00edvhatja ki \u00e9s sznobnak tarthatj\u00e1k. Ez\u00e9rt bizonyos dolgokr\u00f3l ink\u00e1bb hallgat \u00e9s olyanokat eml\u00edt meg, melyekhez a besz\u00e9lget\u0151t\u00e1rsa is kapcsol\u00f3dni tud a saj\u00e1t \u00e9lm\u00e9nyein kereszt\u00fcl.<\/p>\n\n\n\n<p><strong><em>Furcsa kiejt\u00e9s, v\u00e1ratlan k\u00e9rd\u00e9sek<\/em><\/strong><\/p>\n\n\n\n<p>Ha egy gyerek a sz\u00fclei r\u00e9v\u00e9n t\u00f6bb nyelvet saj\u00e1t\u00edtott el, k\u00fcl\u00f6nf\u00e9le orsz\u00e1gok t\u00e9v\u00e9csatorn\u00e1it n\u00e9zte \u00e9s sokszor \u00e9rintkezett k\u00fclf\u00f6ldi emberekkel, j\u00f3 es\u00e9llyel az a besz\u00e9d\u00e9n is \u00e9rezhet\u0151. Furcsa kiejt\u00e9ssel ejti a szavakat, vagy esetleg a szavak \u00e9s nyelvek \u00f6sszekever\u00e9se miatt v\u00e1lik valaki a j\u00e1tsz\u00f3t\u00e9r csodabogar\u00e1v\u00e1.<\/p>\n\n\n\n<p>Egy t\u00f6bbkult\u00far\u00e1j\u00fa gyerek hozz\u00e1 kell, hogy szokjon a vicces k\u00e9rd\u00e9sekhez is. A Telegraph cikk\u00e9ben szerepl\u0151 l\u00e1ny olyanokat eml\u00edt, mint pl. \u201eThaif\u00f6ld\u00f6n elef\u00e1nton j\u00e1rnak iskol\u00e1ba a gyerekek?\u201d, vagy \u201eAhhoz k\u00e9pest, hogy Thaif\u00f6ld\u00f6n n\u0151tt\u00e9l fel, el\u00e9g j\u00f3l besz\u00e9lsz angolul\u201d.&nbsp; \u201eH\u00e1t persze, mert angol vagyok\u201d \u2013 mondja erre \u0151.<\/p>\n\n\n\n<p><strong><em>Nyaral\u00e1s, kapcsolatok, bar\u00e1ts\u00e1gok<\/em><\/strong><\/p>\n\n\n\n<p>Ha valakinek a rokons\u00e1ga nem a szomsz\u00e9d telep\u00fcl\u00e9sen, hanem a szomsz\u00e9dos kontinensen \u00e9l, bizony neh\u00e9zkes lehet eld\u00f6nteni, hogy hol t\u00f6ltse a csal\u00e1d az \u00e9ves nyaral\u00e1st. Gyerekk\u00e9nt tal\u00e1n m\u00e9g egyszer\u0171bb a helyzet, mert az embert bepakolj\u00e1k a rep\u00fcl\u0151be, azt\u00e1n indul az utaz\u00e1s. De feln\u0151ttk\u00e9nt sz\u00e9tszak\u00edt\u00f3 \u00e9rz\u00e9s, hogy az \u00e9ves szabads\u00e1g sor\u00e1n mennyi rokont \u00e9s bar\u00e1tot kellene felkeresni, \u00e9s nem jut mindenre id\u0151.<\/p>\n\n\n\n<p>Kor\u00e1bban m\u00e1r eml\u00edtett\u00fck, hogy a t\u00f6bbkult\u00far\u00e1j\u00fa gyerekek sokszor nagyobb sebess\u00e9gre kapcsolnak, ha m\u00e9lyebb bar\u00e1ts\u00e1gokat akarnak kialak\u00edtani, mert t\u00f6bbsz\u00f6r megtapasztalj\u00e1k meg azt, hogy egyik vagy m\u00e1sik bar\u00e1tjuk egy m\u00e1sik orsz\u00e1gba k\u00f6lt\u00f6zik. \u00cdgy szoknak hozz\u00e1 ahhoz is, hogy a kapcsolatok \u00e1pol\u00e1s\u00e1ra t\u00e1vmegold\u00e1sokat kell ig\u00e9nybe venni. Szerencs\u00e9re a technika ebben is nagyon nagy seg\u00edts\u00e9get jelent. Az az ismerets\u00e9g pedig, amely az ilyen nagy t\u00e1vols\u00e1gokat is \u00e1thidalja, igazi bar\u00e1ts\u00e1gok alapja lehet.<\/p>\n\n\n\n<p><strong><em>A soha nem csitul\u00f3 utaz\u00e1si kedv<\/em><\/strong><\/p>\n\n\n\n<p>Ha valakinek megadatott az, hogy k\u00fclf\u00f6ld\u00f6n gyerekeskedhetett, megismerve sokf\u00e9le embert, \u00e9letform\u00e1t, t\u00f6rt\u00e9nelmet stb., ez annyira beiv\u00f3dik az ember elm\u00e9j\u00e9be, hogy feln\u0151tt \u00e9lete sor\u00e1n is a kalandv\u00e1gy lesz az egyik motiv\u00e1ci\u00f3, ha az iskolai tanulm\u00e1nyok, a munkav\u00e1llal\u00e1s, vagy a szabads\u00e1g tervez\u00e9s\u00e9r\u0151l van sz\u00f3. Az ember minden lehet\u0151s\u00e9gben azt keresi majd, hogy hogyan utazhat el olyan helyre, ahol kor\u00e1bban m\u00e9g nem j\u00e1rt. Az ilyen emberek feln\u0151ttk\u00e9nt csod\u00e1lkoznak csak igaz\u00e1n r\u00e1 arra, hogy valakik k\u00e9pesek eg\u00e9sz \u00e9let\u00fckben egy helyen lakni. Nem tudj\u00e1k, milyen az, ha az ember a sz\u00fcl\u0151v\u00e1ros\u00e1ban n\u0151 fel, ott, vagy annak k\u00f6zel\u00e9ben \u00e9li a feln\u0151tt \u00e9let\u00e9t is \u00e9s sz\u00e1m\u00e1ra teljesen rendben van, hogy soha nem tapasztalt meg m\u00e1s \u00e9letform\u00e1t.<\/p>\n\n\n\n<p><strong><em>\u00datlev\u00e9l, p\u00e9nz \u00e9s beutaz\u00e1si rendelkez\u00e9sek<\/em><\/strong><\/p>\n\n\n\n<p>A t\u00f6bbsz\u00f6r\u00f6s \u00e1llampolg\u00e1rs\u00e1g\u00fa emberek a k\u00fcl\u00f6nb\u00f6z\u0151 \u00fatleveleikkel k\u00f6nnyed\u00e9n utazgathatnak az orsz\u00e1gok k\u00f6z\u00f6tt. De sokszor neh\u00e9z \u00e9szben tartani, hogy melyik \u00fatlevelet kell eltenni \u00e9s milyen beutaz\u00e1si rendelkez\u00e9sek, v\u00e1ltoz\u00e1sok vannak \u00e9ppen \u00e9rv\u00e9nyben, ha az ember vissza is szeretne utazni abba az orsz\u00e1gba, ahonnan elindult, vagy ahol \u00e9ppen \u00e9l.<\/p>\n\n\n\n<p>Utaz\u00e1sok m\u00e1sik fontos kell\u00e9ke a k\u00e9szp\u00e9nz. Mindegy, hogy a vil\u00e1g melyik orsz\u00e1g\u00e1ban \u00e9l valaki, az ottani p\u00e9nznemhez, annak \u00e9rt\u00e9k\u00e9hez fog hozz\u00e1szokni. K\u00fclf\u00f6ld\u00f6n mindent erre sz\u00e1m\u00edt \u00e1t, hogy \u00e9rz\u00e9kelje a dolgok \u00e9rt\u00e9k\u00e9t. Az \u00e1lland\u00f3 fejsz\u00e1mol\u00e1s viszont sok energi\u00e1ba telik. Ha valaki egy olcs\u00f3nak sz\u00e1m\u00edt\u00f3 orsz\u00e1gban \u00e9l sok\u00e1ig, akkor n\u00e9mely orsz\u00e1gban nevets\u00e9gesen dr\u00e1g\u00e1nak t\u0171nik az \u00e9let. F\u0151leg, ha azon az \u00e1ron tapasztalja meg mindezt valaki, hogy nem lehet kev\u00e9s p\u00e9nzb\u0151l egy nagy eb\u00e9det csapni, vagy esetleg \u00e9vente csak k\u00e9tszer futja mozibel\u00e9p\u0151re.<\/p>\n\n\n\n<p>Kult\u00far\u00e1k k\u00f6z\u00f6tt feln\u0151ni nagyszer\u0171 dolog lehet, hiszen ki ne \u00e1lmodna arr\u00f3l, hogy a gyerekkor\u00e1t f\u00f6ld k\u00f6r\u00fcli utazgat\u00e1sok tark\u00edtj\u00e1k, \u00e9s rengeteg mindent ki lehet pr\u00f3b\u00e1lni, meg lehet tapasztalni. Hab\u00e1r az identit\u00e1s, a hovatartoz\u00e1s k\u00e9rd\u00e9se, a gy\u00f6k\u00e9rtelens\u00e9g \u00e9rz\u00e9se, a meg\u00e1llapodni k\u00e9ptelens\u00e9g t\u00falbonyol\u00edthatja a sz\u00e1lakat \u00e9s ennek a feln\u0151tt \u00e9letre is kihat\u00e1sai lehetnek.<\/p>\n\n\n\n<p>Viszont legal\u00e1bb ennyire \u00e9rt\u00e9kes, ha valaki az utols\u00f3 pocsoly\u00e1ig ismeri a gyerekkora utc\u00e1it, ha minden szeglethez egy eml\u00e9k k\u00f6ti \u00e9s komplett reg\u00e9nyt tudna \u00edrni az \u0151t k\u00f6r\u00fclvev\u0151 emberekr\u0151l, rokonokr\u00f3l, bar\u00e1tokr\u00f3l. Hiszen vil\u00e1gutaz\u00e1sra menni az ut\u00e1n is lehet, hogy gy\u00f6keret eresztett az ember.<\/p>\n","protected":false},"excerpt":{"rendered":"<p>Nemr\u00e9giben \u00e9rdekes multi-kulti szitu\u00e1ci\u00f3ba keveredt\u00fcnk egy k\u00fclf\u00f6ldi j\u00e1tsz\u00f3t\u00e9ren. \u00c9pp hint\u00e1ztunk, amikor egy m\u00e1sik kisgyerek is odaj\u00f6tt, hogy most m\u00e1r \u0151 is szeretne sorra ker\u00fclni. Kisl\u00e1nyunknak [&hellip;]<\/p>\n","protected":false},"author":1,"featured_media":52,"comment_status":"open","ping_status":"open","sticky":false,"template":"","format":"standard","meta":[],"categories":[3,13],"tags":[6,5],"_links":{"self":[{"href":"https:\/\/www.gyerekekafoldkorul.com\/index.php?rest_route=\/wp\/v2\/posts\/51"}],"collection":[{"href":"https:\/\/www.gyerekekafoldkorul.com\/index.php?rest_route=\/wp\/v2\/posts"}],"about":[{"href":"https:\/\/www.gyerekekafoldkorul.com\/index.php?rest_route=\/wp\/v2\/types\/post"}],"author":[{"embeddable":true,"href":"https:\/\/www.gyerekekafoldkorul.com\/index.php?rest_route=\/wp\/v2\/users\/1"}],"replies":[{"embeddable":true,"href":"https:\/\/www.gyerekekafoldkorul.com\/index.php?rest_route=%2Fwp%2Fv2%2Fcomments&post=51"}],"version-history":[{"count":1,"href":"https:\/\/www.gyerekekafoldkorul.com\/index.php?rest_route=\/wp\/v2\/posts\/51\/revisions"}],"predecessor-version":[{"id":53,"href":"https:\/\/www.gyerekekafoldkorul.com\/index.php?rest_route=\/wp\/v2\/posts\/51\/revisions\/53"}],"wp:featuredmedia":[{"embeddable":true,"href":"https:\/\/www.gyerekekafoldkorul.com\/index.php?rest_route=\/wp\/v2\/media\/52"}],"wp:attachment":[{"href":"https:\/\/www.gyerekekafoldkorul.com\/index.php?rest_route=%2Fwp%2Fv2%2Fmedia&parent=51"}],"wp:term":[{"taxonomy":"category","embeddable":true,"href":"https:\/\/www.gyerekekafoldkorul.com\/index.php?rest_route=%2Fwp%2Fv2%2Fcategories&post=51"},{"taxonomy":"post_tag","embeddable":true,"href":"https:\/\/www.gyerekekafoldkorul.com\/index.php?rest_route=%2Fwp%2Fv2%2Ftags&post=51"}],"curies":[{"name":"wp","href":"https:\/\/api.w.org\/{rel}","templated":true}]}}