{"id":9,"date":"2016-02-23T11:07:46","date_gmt":"2016-02-23T11:07:46","guid":{"rendered":"http:\/\/www.gyerekekafoldkorul.com\/?p=9"},"modified":"2020-10-25T19:40:59","modified_gmt":"2020-10-25T19:40:59","slug":"mikor-es-hogyan-tanuljak-meg-az-azsiai-gyerekek-az-evopalcika-hasznalatat","status":"publish","type":"post","link":"https:\/\/www.gyerekekafoldkorul.com\/?p=9","title":{"rendered":"Mikor \u00e9s hogyan tanulj\u00e1k meg az \u00e1zsiai gyerekek az ev\u0151p\u00e1lcika haszn\u00e1lat\u00e1t?"},"content":{"rendered":"\n<p>Vajon az \u00e1zsiai gyerekek hogyan \u00e9s mikor tanulnak meg ev\u0151p\u00e1lcik\u00e1val enni?<\/p>\n\n\n\n<!--more-->\n\n\n\n<p>\u00c9n ritk\u00e1n eszem \u00e1zsiai \u00e9telt, m\u00e9g ritk\u00e1bban p\u00e1lcik\u00e1val \u00e9s tulajdonk\u00e9ppen minden egyes ilyen ritka alkalom az \u00fajratanul\u00e1s id\u0151pontja. Az ember ujjai nem egyk\u00f6nnyen \u00e1llnak r\u00e1 az ev\u0151p\u00e1lcika haszn\u00e1lat\u00e1ra. Azokkal felemelni valamit, pl\u00e1ne, ha apr\u00f3 dolgokr\u00f3l van sz\u00f3, bonyolult k\u00e9zi m\u0171veletnek sz\u00e1m\u00edt. Viszont ha egyszer siker\u00fcl, diadalmasan n\u00e9zhet\u00fcnk k\u00f6rbe, mert akkor a k\u00f6vetkez\u0151 egy \u00f3r\u00e1ban is k\u00e9pesek lesz\u00fcnk erre. Azt\u00e1n a kutya\u00fct\u0151 p\u00e1lcikahaszn\u00e1l\u00f3 tudom\u00e1nya&nbsp;az \u00e9tkez\u00e9s v\u00e9g\u00e9vel feled\u00e9sbe is mer\u00fcl \u00e9s legk\u00f6zelebb kezdhet mindent el\u00f6lr\u0151l.<\/p>\n\n\n\n<p>A t\u00e9ma ut\u00e1n kutatva \u201ebej\u00e1rtam \u00c1zsi\u00e1t\u201d, persze csak a neten, \u00e9s r\u00e1j\u00f6ttem, hogy jobban teszem, ha nem \u00e1ltal\u00e1nos\u00edtok, \u00e9s figyelek olyan \u201eapr\u00f3s\u00e1gokra\u201d mint p\u00e9ld\u00e1ul hogy \u00c1zsia egy kontinens, nem pedig egy orsz\u00e1g egy kult\u00far\u00e1val. Ennek megfelel\u0151en nem is mindenhol haszn\u00e1lnak ev\u0151p\u00e1lcik\u00e1t. P\u00e9ld\u00e1ul, ha a rizs fogyaszt\u00e1s\u00e1t vessz\u00fck: a k\u00ednai konyha receptjei szerint f\u0151tt rizs \u00f6sszetapad, nagyobb darabokb\u00f3l \u00e1ll egy rizskupac \u00e9s a t\u00e1lk\u00e1t az ember a sz\u00e1j\u00e1hoz emelheti. Ellenben Indi\u00e1ban a basmati rizs akkor van helyesen elk\u00e9sz\u00edtve, ha a szemek sz\u00e9tperegnek, nem tapadnak \u00f6ssze. Azt lehetetlens\u00e9g is lenne p\u00e1lcik\u00e1val enni. Thaif\u00f6ld\u00f6n \u00e1ll\u00edt\u00f3lag kimondottan kanalat haszn\u00e1lnak a rizshez \u00e9s ink\u00e1bb a t\u00e9szta\u00e9telekhez haszn\u00e1lj\u00e1k a p\u00e1lcik\u00e1t, vagy hogy az asztal k\u00f6zep\u00e9n \u00e1ll\u00f3, k\u00f6z\u00f6s t\u00e1ny\u00e9rr\u00f3l vegyenek le \u00e9telt. Egysz\u00f3val orsz\u00e1ga v\u00e1logatja, hogy ki hogyan haszn\u00e1lja a p\u00e1lcik\u00e1t.<\/p>\n\n\n\n<p>De ak\u00e1rhogy is: azon orsz\u00e1gok gyerekei, akik haszn\u00e1lnak p\u00e1lcik\u00e1t, valamikor csak megtanulnak azzal \u00e9tkezni! De hogyan?<\/p>\n\n\n\n<p>Sok helyen haszn\u00e1lnak r\u00f6videbb gyerekp\u00e1lcik\u00e1t, de van, ahol r\u00f6gt\u00f6n a feln\u0151tt m\u00e9ret\u0171 p\u00e1lcik\u00e1k haszn\u00e1lat\u00e1ra tan\u00edtj\u00e1k meg a gyerekeknek. Ezen p\u00e1lcik\u00e1k v\u00e9g\u00e9t gyakran valamilyen megold\u00e1ssal \u00f6sszek\u00f6tik, vagy \u00f6sszegumizz\u00e1k. De van olyan is, hogy ruhacsipeszt haszn\u00e1lnak erre, vagy pl. belet\u0171zik a p\u00e1lcik\u00e1k v\u00e9geit egy lev\u00e1gott v\u00e9g\u0171 sz\u00edv\u00f3sz\u00e1lba.<\/p>\n\n\n\n<div class=\"wp-block-image\"><figure class=\"aligncenter\"><img src=\"https:\/\/m.blog.hu\/gy\/gyerekekafoldkorul\/image\/evopalcika.jpg\" alt=\"evopalcika.jpg\"\/><\/figure><\/div>\n\n\n\n<p>Van kimondottan gyerekeknek gy\u00e1rtott giccses-vicces kin\u00e9zet\u0171 m\u0171anyag p\u00e1lcika is, ahol ergonomikusan van kialak\u00edtva azoknak az ujjaknak a helye, amelyekkel a p\u00e1lcik\u00e1t mozgatni kell.<\/p>\n\n\n\n<div class=\"wp-block-image\"><figure class=\"aligncenter is-resized\"><img loading=\"lazy\" src=\"https:\/\/m.blog.hu\/gy\/gyerekekafoldkorul\/image\/evopalcika2.jpg\" alt=\"evopalcika2.jpg\" width=\"372\" height=\"234\"\/><\/figure><\/div>\n\n\n\n<p>Illetve l\u00e9tezik a v\u00e9g\u00e9n \u00f6sszek\u00f6t\u00f6tt, rug\u00f3 szer\u0171en m\u0171k\u00f6d\u0151 p\u00e1lcika is gyerekek sz\u00e1m\u00e1ra.<\/p>\n\n\n\n<div class=\"wp-block-image\"><figure class=\"aligncenter\"><img src=\"https:\/\/m.blog.hu\/gy\/gyerekekafoldkorul\/image\/evopalcika3.jpg\" alt=\"evopalcika3.jpg\"\/><\/figure><\/div>\n\n\n\n<p>Ha az \u00e9letkort vessz\u00fck, k\u00f6r\u00fclbel\u00fcl ugyanabban a korban tanulj\u00e1k meg a gyerekek az ev\u0151p\u00e1lcika haszn\u00e1lat\u00e1t mint a f\u00f6ld t\u00f6bbi r\u00e9sz\u00e9n a t\u00f6bbi gyerek a villa \u00e9s a kan\u00e1l haszn\u00e1lat\u00e1t. \u00cdgy egy kb. k\u00e9t \u00e9ves gyerek m\u00e1r magabiztosan tud enni ev\u0151p\u00e1lcik\u00e1val. Amire a sz\u00fcl\u0151k figyelnek, hogy a gyerekek felfele ford\u00edtott teny\u00e9rrel fogj\u00e1k meg a p\u00e1lcik\u00e1t, k\u00fcl\u00f6nben m\u00e1r a kezdetekt\u0151l rosszul tanulj\u00e1k meg annak tart\u00e1s\u00e1t. \u00c9rdekes volt f\u00f3rumokon olvasni, hogy az ev\u0151p\u00e1lcika kapcs\u00e1n is elhangoztak sz\u00fcl\u0151i v\u00e9lem\u00e9nyek, miszerint \u201erond\u00e1n fogja a gyerekem a p\u00e1lcik\u00e1t&#8230;\u201d. \u00dagy l\u00e1tszik, nem csak az eur\u00f3pai gyerekekre kell r\u00e1sz\u00f3lni, hogy: \u201eFogd rendesen az ev\u0151eszk\u00f6zt!\u201d<\/p>\n\n\n\n<p>Csak\u00fagy mint a k\u00e9s, villa \u00e9s kan\u00e1l eset\u00e9ben, az ev\u0151p\u00e1lcika haszn\u00e1latakor is meg kell tanulni bizonyos illemszab\u00e1lyokat. P\u00e9ld\u00e1ul nem nyalogatja \u0151ket az ember, nem fogja marokra \u0151ket, nem sz\u00farja \u00e1t vel\u00fck az \u00e9telt \u00e9s nem hagyja \u0151ket a t\u00e1ny\u00e9ron vagy a cs\u00e9sz\u00e9n, pl\u00e1ne nem az \u00e9telbe beleb\u00f6kve. Tov\u00e1bb\u00e1 nem vesz el az ember m\u00e1s p\u00e1lcik\u00e1j\u00e1r\u00f3l \u00e9telt a saj\u00e1tj\u00e1val \u00e9s nem teszi bele \u0151ket a k\u00f6z\u00f6s \u00e9telbe. Nem keverget \u00e9s nem mutogat vel\u00fck.<\/p>\n\n\n\n<p>A legk\u00f6zelebbi nyilv\u00e1nos ev\u0151p\u00e1lcik\u00e1s \u00e9tkez\u00e9sig van mit gyakorolni m\u00e9g. Szerencs\u00e9re az illemszab\u00e1lyokat k\u00f6nnyebb megjegyezni. \ud83d\ude42<\/p>\n\n\n\n<p class=\"has-text-align-center\"><strong>K\u00f6sz\u00f6nj\u00fck a l\u00e1togat\u00e1st! Ha tetszik a blog, k\u00f6vess minket a <a rel=\"noreferrer noopener\" href=\"https:\/\/www.facebook.com\/Gyerekek-a-F%C3%B6ld-k%C3%B6r%C3%BCl-231199347220088\/\" target=\"_blank\">Facebook<\/a>-on \u00e9s az <a href=\"https:\/\/www.instagram.com\/gyerekekafoldkorul\/\">Instagram<\/a>-on is!<\/strong><\/p>\n\n\n\n<p><\/p>\n","protected":false},"excerpt":{"rendered":"<p>Vajon az \u00e1zsiai gyerekek hogyan \u00e9s mikor tanulnak meg ev\u0151p\u00e1lcik\u00e1val enni?<\/p>\n","protected":false},"author":1,"featured_media":21,"comment_status":"open","ping_status":"open","sticky":false,"template":"","format":"standard","meta":[],"categories":[10,3],"tags":[],"_links":{"self":[{"href":"https:\/\/www.gyerekekafoldkorul.com\/index.php?rest_route=\/wp\/v2\/posts\/9"}],"collection":[{"href":"https:\/\/www.gyerekekafoldkorul.com\/index.php?rest_route=\/wp\/v2\/posts"}],"about":[{"href":"https:\/\/www.gyerekekafoldkorul.com\/index.php?rest_route=\/wp\/v2\/types\/post"}],"author":[{"embeddable":true,"href":"https:\/\/www.gyerekekafoldkorul.com\/index.php?rest_route=\/wp\/v2\/users\/1"}],"replies":[{"embeddable":true,"href":"https:\/\/www.gyerekekafoldkorul.com\/index.php?rest_route=%2Fwp%2Fv2%2Fcomments&post=9"}],"version-history":[{"count":4,"href":"https:\/\/www.gyerekekafoldkorul.com\/index.php?rest_route=\/wp\/v2\/posts\/9\/revisions"}],"predecessor-version":[{"id":23,"href":"https:\/\/www.gyerekekafoldkorul.com\/index.php?rest_route=\/wp\/v2\/posts\/9\/revisions\/23"}],"wp:featuredmedia":[{"embeddable":true,"href":"https:\/\/www.gyerekekafoldkorul.com\/index.php?rest_route=\/wp\/v2\/media\/21"}],"wp:attachment":[{"href":"https:\/\/www.gyerekekafoldkorul.com\/index.php?rest_route=%2Fwp%2Fv2%2Fmedia&parent=9"}],"wp:term":[{"taxonomy":"category","embeddable":true,"href":"https:\/\/www.gyerekekafoldkorul.com\/index.php?rest_route=%2Fwp%2Fv2%2Fcategories&post=9"},{"taxonomy":"post_tag","embeddable":true,"href":"https:\/\/www.gyerekekafoldkorul.com\/index.php?rest_route=%2Fwp%2Fv2%2Ftags&post=9"}],"curies":[{"name":"wp","href":"https:\/\/api.w.org\/{rel}","templated":true}]}}